{"id":9350,"date":"2025-11-03T10:28:38","date_gmt":"2025-11-03T10:28:38","guid":{"rendered":"https:\/\/www.mobelmol.com\/?p=9350"},"modified":"2025-10-31T10:52:03","modified_gmt":"2025-10-31T10:52:03","slug":"bancos-vestuario-diseno-funcional-medida-gimnasios-vestuarios","status":"publish","type":"post","link":"https:\/\/www.mobelmol.com\/ca\/2025\/11\/03\/bancos-vestuario-diseno-funcional-medida-gimnasios-vestuarios\/","title":{"rendered":"Bancs de vestuari: disseny funcional i a mida per a gimnasos i vestuaris"},"content":{"rendered":"\n<p><p>El mobiliari en un vestuari no nom\u00e9s ha de ser pr\u00e0ctic, tamb\u00e9 ha de ser <strong>resistent, higi\u00e8nic i adaptat a les necessitats de l&#8217;espai<\/strong>. Entre els elements imprescindibles es troben els <strong>bancs de vestuari<\/strong>, una soluci\u00f3 que aporta comoditat i organitzaci\u00f3 tant en <strong>gimnasos<\/strong> com en vestuaris corporatius, educatius o industrials.<\/p><\/p>\n\n<p><p>A <strong>Mobelmol<\/strong>, <a href=\"\/es?product_cat=penjadors-bancs-de-vestuari\" data-mce-href=\"https:\/\/www.mobelmol.com\/ca\/familia\/penjadors-bancs-de-vestuari\/\">dissenyem i fabriquem bancs de vestuari a mida<\/a>, pensats per oferir la m\u00e0xima durabilitat en entorns d&#8217;alt tr\u00e0nsit.<\/p><\/p>\n\n<h2 class=\"wp-block-heading\">Per qu\u00e8 triar bancs de vestuari fen\u00f2lics avui dia?<\/h2>\n\n<p><p>Els <strong>bancs de vestuari<\/strong> fabricats en <strong>compacte fen\u00f2lic (HPL)<\/strong> ofereixen avantatges clau enfront d&#8217;altres solucions:<\/p><\/p>\n\n<ul class=\"wp-block-list\">\n<li><p><strong>Resist\u00e8ncia a la humitat i a l&#8217;\u00fas intensiu<\/strong>: no es deformen ni deterioren, fins i tot en ambients humits com gimnasos o piscines.<\/p><\/li>\n\n\n\n<li><p><strong>Higiene garantida<\/strong>: la seva superf\u00edcie llisa i no porosa evita l&#8217;acumulaci\u00f3 de bacteris i facilita la neteja.<\/p><\/li>\n\n\n\n<li><p><strong>Disseny adaptable<\/strong>: es fabriquen en diferents mides, colors i acabats, alineant-se amb l&#8217;est\u00e8tica del vestuari.<\/p><\/li>\n\n\n\n<li><p><strong>Durabilitat<\/strong>: s\u00f3n una inversi\u00f3 a llarg termini gr\u00e0cies a la seva robustesa i m\u00ednim manteniment.<\/p><\/li>\n<\/ul>\n\n<h2 class=\"wp-block-heading\">Bancs per a gimnasos: confort i practicitat<\/h2>\n\n<p><p>Als <strong>gimnasos<\/strong>, els bancs s\u00f3n un element fonamental per garantir la <strong>comoditat dels usuaris<\/strong>. Permeten canviar-se amb facilitat, deixar les pertinences a m\u00e0 i aprofitar millor l&#8217;espai. Un bon disseny ha de tenir en compte:<\/p><\/p>\n\n<ul class=\"wp-block-list\">\n<li>La distribuci\u00f3 del vestuari per optimitzar la circulaci\u00f3.<\/li>\n\n\n\n<li>La resist\u00e8ncia a l&#8217;\u00fas continuat per desenes o cents d&#8217;usuaris al dia.<\/li>\n\n\n\n<li><p>La integraci\u00f3 amb <strong>taquilles fen\u00f2liques<\/strong> i altres elements del mobiliari.<\/p><\/li>\n<\/ul>\n\n<p><p>Els <strong>bancs de vestuari per a gimnasos<\/strong> de Mobelmol es fabriquen a mida, garantint funcionalitat, durabilitat i est\u00e8tica en cada instal\u00b7laci\u00f3.<\/p><\/p>\n<div class=\"wp-block-image\">\n<figure class=\"aligncenter size-full is-resized\"><img decoding=\"async\" src=\"data:image\/gif;base64,R0lGODlhAQABAIAAAAAAAP\/\/\/yH5BAEAAAAALAAAAAABAAEAAAIBRAA7\" data-src=\"https:\/\/www.mobelmol.com\/wp-content\/uploads\/2025\/10\/Bancos-de-vestuario.jpg\" alt=\"Bancs de vestuari\" class=\"wp-image-9344 lazyload\" style=\"width:640px;height:auto\"\/><noscript><img decoding=\"async\" width=\"1016\" height=\"718\" src=\"https:\/\/www.mobelmol.com\/wp-content\/uploads\/2025\/10\/Bancos-de-vestuario.jpg\" alt=\"Bancs de vestuari\" class=\"wp-image-9344 lazyload\" style=\"width:640px;height:auto\" srcset=\"https:\/\/www.mobelmol.com\/wp-content\/uploads\/2025\/10\/Bancos-de-vestuario.jpg 1016w, https:\/\/www.mobelmol.com\/wp-content\/uploads\/2025\/10\/Bancos-de-vestuario-300x212.jpg 300w, https:\/\/www.mobelmol.com\/wp-content\/uploads\/2025\/10\/Bancos-de-vestuario-768x543.jpg 768w, https:\/\/www.mobelmol.com\/wp-content\/uploads\/2025\/10\/Bancos-de-vestuario-600x424.jpg 600w\" sizes=\"(max-width: 1016px) 100vw, 1016px\" \/><\/noscript><\/figure>\n<\/div>\n<h3 class=\"wp-block-heading\">Casos reals que donen suport a la qualitat Mobelmol<\/h3>\n\n<p>Mobelmol t\u00e9 una traject\u00f2ria provada en projectes d&#8217;alt impacte on el seu mobiliari t\u00e8cnic i fen\u00f2lic ha exercit un paper clau. Aqu\u00ed tres exemples:<\/p>\n\n<ul class=\"wp-block-list\">\n<li><p>En el <a href=\"\/es?p=8131\" data-mce-href=\"https:\/\/www.mobelmol.com\/ca\/2020\/11\/30\/el-mon-de-lesport-tambe-confia-en-mobelmol\/\">projecte de vestuari del <strong>F.C. Andorra<\/strong><\/a>, es van fabricar i instal\u00b7lar taquilles resistents, bancs i cabines per a vestidors esportius. L&#8217;empresa va ser escollida per la seva experi\u00e8ncia en entorns exigents, on les taquilles havien de ser pr\u00e0ctiques, f\u00e0cils de netejar i est\u00e8ticament adequades.<\/p><\/li>\n\n\n\n<li><p>Al <strong>Pavellon Ricky Rubio del Masnou<\/strong>, es va col\u00b7laborar en la <a href=\"\/es?p=8958\" data-mce-href=\"https:\/\/www.mobelmol.com\/ca\/2024\/02\/13\/installacio-taquilles-vestidors-centres-esportius\/\">construcci\u00f3 dels seus vestidors<\/a> fabricant i instal\u00b7lant taquilles tipus TF2 PL, cabines de dutxa i bancs, tots de color fusta. Es van utilitzar plaques de resines fen\u00f2liques HPL color fusta i ferramenta inox per garantir durabilitat i est\u00e8tica en un espai amb milers d&#8217;usuaris.<\/p><\/li>\n\n\n\n<li><p>A l&#8217;<strong>edifici de la Policia d&#8217;Andorra<\/strong>, Mobelmol va participar amb mobiliari t\u00e8cnic fen\u00f2lic, subministrant gran quantitat de bancs amb estructura d&#8217;acer lacat dels models F2 i F3, evidenciant la seva versatilitat no nom\u00e9s en projectes esportius o corporatius sin\u00f3 tamb\u00e9 en entorns d&#8217;edificis de serveis.<\/p><\/li>\n<\/ul>\n\n<h2 class=\"wp-block-heading\">Solucions Mobelmol en bancs de vestuari<\/h2>\n\n<p><p>A <a href=\"https:\/\/www.mobelmol.com\/ca\/\" data-mce-href=\"https:\/\/www.mobelmol.com\/ca\/\">Mobelmol<\/a>, desenvolupem <strong>bancs de vestuari<\/strong> i mobiliari t\u00e8cnic que responen a les exig\u00e8ncies dels espais d&#8217;alt tr\u00e0nsit. Els nostres bancs fen\u00f2lics estan dissenyats per resistir humitat, impactes i neteja freq\u00fcent, sense perdre disseny ni comoditat. La seva estructura pot ser de lacat EPOXI al forn color negre o d&#8217;acer INOX.<\/p><\/p>\n\n<p>Si est\u00e0s equipant un gimn\u00e0s, un vestuari corporatiu o qualsevol espai col\u00b7lectiu, podem ajudar-te amb solucions personalitzades i adaptades a les teves necessitats.<\/p>\n\n<p><p><a href=\"\/es?page_id=7362\" data-mce-href=\"https:\/\/www.mobelmol.com\/ca\/contacta-construccio-fenolic-productes\/\">Contacta amb nosaltres aqu\u00ed<\/a> i explica\u2019ns el teu projecte.<\/p><\/p>\n<div class=\"wp-block-image\">\n<figure class=\"aligncenter size-large is-resized\"><img decoding=\"async\" src=\"data:image\/gif;base64,R0lGODlhAQABAIAAAAAAAP\/\/\/yH5BAEAAAAALAAAAAABAAEAAAIBRAA7\" data-src=\"https:\/\/www.mobelmol.com\/wp-content\/uploads\/2025\/10\/Bancos-de-vestuario-para-espacios-corporativos-1024x680.jpg\" alt=\" Bancs de vestuari per espais corporatius \" class=\"wp-image-9340 lazyload\" style=\"width:626px;height:auto\"\/><noscript><img decoding=\"async\" width=\"1024\" height=\"680\" src=\"https:\/\/www.mobelmol.com\/wp-content\/uploads\/2025\/10\/Bancos-de-vestuario-para-espacios-corporativos-1024x680.jpg\" alt=\" Bancs de vestuari per espais corporatius \" class=\"wp-image-9340 lazyload\" style=\"width:626px;height:auto\" srcset=\"https:\/\/www.mobelmol.com\/wp-content\/uploads\/2025\/10\/Bancos-de-vestuario-para-espacios-corporativos-1024x680.jpg 1024w, https:\/\/www.mobelmol.com\/wp-content\/uploads\/2025\/10\/Bancos-de-vestuario-para-espacios-corporativos-300x199.jpg 300w, https:\/\/www.mobelmol.com\/wp-content\/uploads\/2025\/10\/Bancos-de-vestuario-para-espacios-corporativos-768x510.jpg 768w, https:\/\/www.mobelmol.com\/wp-content\/uploads\/2025\/10\/Bancos-de-vestuario-para-espacios-corporativos-365x243.jpg 365w, https:\/\/www.mobelmol.com\/wp-content\/uploads\/2025\/10\/Bancos-de-vestuario-para-espacios-corporativos-600x399.jpg 600w, https:\/\/www.mobelmol.com\/wp-content\/uploads\/2025\/10\/Bancos-de-vestuario-para-espacios-corporativos.jpg 1072w\" sizes=\"(max-width: 1024px) 100vw, 1024px\" \/><\/noscript><\/figure>\n<\/div>","protected":false},"excerpt":{"rendered":"<p>El mobiliari en un vestuari no nom\u00e9s ha de ser pr\u00e0ctic, tamb\u00e9 ha de ser resistent, higi\u00e8nic i adaptat a les necessitats de l&#8217;espai. Entre els elements imprescindibles es troben els bancs de vestuari, una soluci\u00f3 que aporta comoditat i organitzaci\u00f3 tant en gimnasos com en vestuaris corporatius, educatius o industrials. A Mobelmol, dissenyem i&#8230;<\/p>\n","protected":false},"author":1,"featured_media":9342,"comment_status":"open","ping_status":"closed","sticky":false,"template":"","format":"standard","meta":{"footnotes":""},"categories":[613,587,557,589],"tags":[],"class_list":["post-9350","post","type-post","status-publish","format-standard","has-post-thumbnail","hentry","category-bancos-gimnasios-ca","category-bancs-fenolics-ca","category-bancs-i-penjadors-vestuaris-ca","category-bancs-per-vestuari"],"acf":[],"yoast_head":"<!-- This site is optimized with the Yoast SEO plugin v17.8 - https:\/\/yoast.com\/wordpress\/plugins\/seo\/ -->\n<title>Bancs de vestuari per a gimnasos i espais corporatius | Mobelmol<\/title>\n<meta name=\"description\" content=\"Descobreix els bancs de vestuari fen\u00f2lics: resistents, higi\u00e8nics i a mida. Ideals per a gimnasos i vestidors d&#039;alt tr\u00e0nsit.\" \/>\n<meta name=\"robots\" content=\"index, follow, max-snippet:-1, max-image-preview:large, max-video-preview:-1\" \/>\n<link rel=\"canonical\" href=\"https:\/\/www.mobelmol.com\/ca\/2025\/11\/03\/bancos-vestuario-diseno-funcional-medida-gimnasios-vestuarios\/\" \/>\n<meta property=\"og:locale\" content=\"ca_ES\" \/>\n<meta property=\"og:type\" content=\"article\" \/>\n<meta property=\"og:title\" content=\"Bancs de vestuari per a gimnasos i espais corporatius | Mobelmol\" \/>\n<meta property=\"og:description\" content=\"Descobreix els bancs de vestuari fen\u00f2lics: resistents, higi\u00e8nics i a mida. Ideals per a gimnasos i vestidors d&#039;alt tr\u00e0nsit.\" \/>\n<meta property=\"og:url\" content=\"https:\/\/www.mobelmol.com\/ca\/2025\/11\/03\/bancos-vestuario-diseno-funcional-medida-gimnasios-vestuarios\/\" \/>\n<meta property=\"og:site_name\" content=\"Mobelmol\" \/>\n<meta property=\"article:published_time\" content=\"2025-11-03T10:28:38+00:00\" \/>\n<meta property=\"article:modified_time\" content=\"2025-10-31T10:52:03+00:00\" \/>\n<meta property=\"og:image\" content=\"https:\/\/www.mobelmol.com\/wp-content\/uploads\/2025\/10\/Bancos-de-vestuario-para-gimnasios.jpg\" \/>\n\t<meta property=\"og:image:width\" content=\"1072\" \/>\n\t<meta property=\"og:image:height\" content=\"712\" \/>\n<meta name=\"twitter:card\" content=\"summary_large_image\" \/>\n<meta name=\"twitter:label1\" content=\"Escrit per\" \/>\n\t<meta name=\"twitter:data1\" content=\"admin\" \/>\n\t<meta name=\"twitter:label2\" content=\"Temps estimat de lectura\" \/>\n\t<meta name=\"twitter:data2\" content=\"3 minuts\" \/>\n<script type=\"application\/ld+json\" class=\"yoast-schema-graph\">{\"@context\":\"https:\/\/schema.org\",\"@graph\":[{\"@type\":\"Organization\",\"@id\":\"https:\/\/www.mobelmol.com\/ca\/#organization\",\"name\":\"Mobelmol\",\"url\":\"https:\/\/www.mobelmol.com\/ca\/\",\"sameAs\":[],\"logo\":{\"@type\":\"ImageObject\",\"@id\":\"https:\/\/www.mobelmol.com\/ca\/#logo\",\"inLanguage\":\"ca\",\"url\":\"https:\/\/www.mobelmol.com\/wp-content\/uploads\/2021\/05\/lgo-mobelmol.svg\",\"contentUrl\":\"https:\/\/www.mobelmol.com\/wp-content\/uploads\/2021\/05\/lgo-mobelmol.svg\",\"width\":100,\"height\":100,\"caption\":\"Mobelmol\"},\"image\":{\"@id\":\"https:\/\/www.mobelmol.com\/ca\/#logo\"}},{\"@type\":\"WebSite\",\"@id\":\"https:\/\/www.mobelmol.com\/ca\/#website\",\"url\":\"https:\/\/www.mobelmol.com\/ca\/\",\"name\":\"Mobelmol\",\"description\":\"Fabricaci\\u00f3n e instalaci\\u00f3n de equipamiento y mobiliario con panel compacto\",\"publisher\":{\"@id\":\"https:\/\/www.mobelmol.com\/ca\/#organization\"},\"potentialAction\":[{\"@type\":\"SearchAction\",\"target\":{\"@type\":\"EntryPoint\",\"urlTemplate\":\"https:\/\/www.mobelmol.com\/ca\/?s={search_term_string}\"},\"query-input\":\"required name=search_term_string\"}],\"inLanguage\":\"ca\"},{\"@type\":\"ImageObject\",\"@id\":\"https:\/\/www.mobelmol.com\/ca\/2025\/11\/03\/bancos-vestuario-diseno-funcional-medida-gimnasios-vestuarios\/#primaryimage\",\"inLanguage\":\"ca\",\"url\":\"https:\/\/www.mobelmol.com\/wp-content\/uploads\/2025\/10\/Bancos-de-vestuario-para-gimnasios.jpg\",\"contentUrl\":\"https:\/\/www.mobelmol.com\/wp-content\/uploads\/2025\/10\/Bancos-de-vestuario-para-gimnasios.jpg\",\"width\":1072,\"height\":712,\"caption\":\"Bancos de vestuario para gimnasios\"},{\"@type\":\"WebPage\",\"@id\":\"https:\/\/www.mobelmol.com\/ca\/2025\/11\/03\/bancos-vestuario-diseno-funcional-medida-gimnasios-vestuarios\/#webpage\",\"url\":\"https:\/\/www.mobelmol.com\/ca\/2025\/11\/03\/bancos-vestuario-diseno-funcional-medida-gimnasios-vestuarios\/\",\"name\":\"Bancs de vestuari per a gimnasos i espais corporatius | Mobelmol\",\"isPartOf\":{\"@id\":\"https:\/\/www.mobelmol.com\/ca\/#website\"},\"primaryImageOfPage\":{\"@id\":\"https:\/\/www.mobelmol.com\/ca\/2025\/11\/03\/bancos-vestuario-diseno-funcional-medida-gimnasios-vestuarios\/#primaryimage\"},\"datePublished\":\"2025-11-03T10:28:38+00:00\",\"dateModified\":\"2025-10-31T10:52:03+00:00\",\"description\":\"Descobreix els bancs de vestuari fen\\u00f2lics: resistents, higi\\u00e8nics i a mida. Ideals per a gimnasos i vestidors d'alt tr\\u00e0nsit.\",\"breadcrumb\":{\"@id\":\"https:\/\/www.mobelmol.com\/ca\/2025\/11\/03\/bancos-vestuario-diseno-funcional-medida-gimnasios-vestuarios\/#breadcrumb\"},\"inLanguage\":\"ca\",\"potentialAction\":[{\"@type\":\"ReadAction\",\"target\":[\"https:\/\/www.mobelmol.com\/ca\/2025\/11\/03\/bancos-vestuario-diseno-funcional-medida-gimnasios-vestuarios\/\"]}]},{\"@type\":\"BreadcrumbList\",\"@id\":\"https:\/\/www.mobelmol.com\/ca\/2025\/11\/03\/bancos-vestuario-diseno-funcional-medida-gimnasios-vestuarios\/#breadcrumb\",\"itemListElement\":[{\"@type\":\"ListItem\",\"position\":1,\"name\":\"Portada\",\"item\":\"https:\/\/www.mobelmol.com\/ca\/\"},{\"@type\":\"ListItem\",\"position\":2,\"name\":\"Bancs de vestuari: disseny funcional i a mida per a gimnasos i vestuaris\"}]},{\"@type\":\"Article\",\"@id\":\"https:\/\/www.mobelmol.com\/ca\/2025\/11\/03\/bancos-vestuario-diseno-funcional-medida-gimnasios-vestuarios\/#article\",\"isPartOf\":{\"@id\":\"https:\/\/www.mobelmol.com\/ca\/2025\/11\/03\/bancos-vestuario-diseno-funcional-medida-gimnasios-vestuarios\/#webpage\"},\"author\":{\"@id\":\"https:\/\/www.mobelmol.com\/ca\/#\/schema\/person\/6ef58f30bb6faf6105be0e48a4e0be28\"},\"headline\":\"Bancs de vestuari: disseny funcional i a mida per a gimnasos i vestuaris\",\"datePublished\":\"2025-11-03T10:28:38+00:00\",\"dateModified\":\"2025-10-31T10:52:03+00:00\",\"mainEntityOfPage\":{\"@id\":\"https:\/\/www.mobelmol.com\/ca\/2025\/11\/03\/bancos-vestuario-diseno-funcional-medida-gimnasios-vestuarios\/#webpage\"},\"wordCount\":584,\"commentCount\":0,\"publisher\":{\"@id\":\"https:\/\/www.mobelmol.com\/ca\/#organization\"},\"image\":{\"@id\":\"https:\/\/www.mobelmol.com\/ca\/2025\/11\/03\/bancos-vestuario-diseno-funcional-medida-gimnasios-vestuarios\/#primaryimage\"},\"thumbnailUrl\":\"https:\/\/www.mobelmol.com\/wp-content\/uploads\/2025\/10\/Bancos-de-vestuario-para-gimnasios.jpg\",\"articleSection\":[\"Bancos gimnasios\",\"Bancs fen\\u00f2lics\",\"Bancs i penjadors vestuaris\",\"Bancs per vestuari\"],\"inLanguage\":\"ca\",\"potentialAction\":[{\"@type\":\"CommentAction\",\"name\":\"Comment\",\"target\":[\"https:\/\/www.mobelmol.com\/ca\/2025\/11\/03\/bancos-vestuario-diseno-funcional-medida-gimnasios-vestuarios\/#respond\"]}]},{\"@type\":\"Person\",\"@id\":\"https:\/\/www.mobelmol.com\/ca\/#\/schema\/person\/6ef58f30bb6faf6105be0e48a4e0be28\",\"name\":\"admin\",\"image\":{\"@type\":\"ImageObject\",\"@id\":\"https:\/\/www.mobelmol.com\/ca\/#personlogo\",\"inLanguage\":\"ca\",\"url\":\"https:\/\/secure.gravatar.com\/avatar\/0c7509c85c836ff68bc43efa415976254ed1463e7bbc3edf38a658092e29e5b4?s=96&d=mm&r=g\",\"contentUrl\":\"https:\/\/secure.gravatar.com\/avatar\/0c7509c85c836ff68bc43efa415976254ed1463e7bbc3edf38a658092e29e5b4?s=96&d=mm&r=g\",\"caption\":\"admin\"},\"sameAs\":[\"https:\/\/www.mobelmol.com\"],\"url\":\"https:\/\/www.mobelmol.com\/ca\/author\/jordi\/\"}]}<\/script>\n<!-- \/ Yoast SEO plugin. -->","yoast_head_json":{"title":"Bancs de vestuari per a gimnasos i espais corporatius | Mobelmol","description":"Descobreix els bancs de vestuari fen\u00f2lics: resistents, higi\u00e8nics i a mida. Ideals per a gimnasos i vestidors d'alt tr\u00e0nsit.","robots":{"index":"index","follow":"follow","max-snippet":"max-snippet:-1","max-image-preview":"max-image-preview:large","max-video-preview":"max-video-preview:-1"},"canonical":"https:\/\/www.mobelmol.com\/ca\/2025\/11\/03\/bancos-vestuario-diseno-funcional-medida-gimnasios-vestuarios\/","og_locale":"ca_ES","og_type":"article","og_title":"Bancs de vestuari per a gimnasos i espais corporatius | Mobelmol","og_description":"Descobreix els bancs de vestuari fen\u00f2lics: resistents, higi\u00e8nics i a mida. Ideals per a gimnasos i vestidors d'alt tr\u00e0nsit.","og_url":"https:\/\/www.mobelmol.com\/ca\/2025\/11\/03\/bancos-vestuario-diseno-funcional-medida-gimnasios-vestuarios\/","og_site_name":"Mobelmol","article_published_time":"2025-11-03T10:28:38+00:00","article_modified_time":"2025-10-31T10:52:03+00:00","og_image":[{"width":1072,"height":712,"url":"https:\/\/www.mobelmol.com\/wp-content\/uploads\/2025\/10\/Bancos-de-vestuario-para-gimnasios.jpg","type":"image\/jpeg"}],"twitter_card":"summary_large_image","twitter_misc":{"Escrit per":"admin","Temps estimat de lectura":"3 minuts"},"schema":{"@context":"https:\/\/schema.org","@graph":[{"@type":"Organization","@id":"https:\/\/www.mobelmol.com\/ca\/#organization","name":"Mobelmol","url":"https:\/\/www.mobelmol.com\/ca\/","sameAs":[],"logo":{"@type":"ImageObject","@id":"https:\/\/www.mobelmol.com\/ca\/#logo","inLanguage":"ca","url":"https:\/\/www.mobelmol.com\/wp-content\/uploads\/2021\/05\/lgo-mobelmol.svg","contentUrl":"https:\/\/www.mobelmol.com\/wp-content\/uploads\/2021\/05\/lgo-mobelmol.svg","width":100,"height":100,"caption":"Mobelmol"},"image":{"@id":"https:\/\/www.mobelmol.com\/ca\/#logo"}},{"@type":"WebSite","@id":"https:\/\/www.mobelmol.com\/ca\/#website","url":"https:\/\/www.mobelmol.com\/ca\/","name":"Mobelmol","description":"Fabricaci\u00f3n e instalaci\u00f3n de equipamiento y mobiliario con panel compacto","publisher":{"@id":"https:\/\/www.mobelmol.com\/ca\/#organization"},"potentialAction":[{"@type":"SearchAction","target":{"@type":"EntryPoint","urlTemplate":"https:\/\/www.mobelmol.com\/ca\/?s={search_term_string}"},"query-input":"required name=search_term_string"}],"inLanguage":"ca"},{"@type":"ImageObject","@id":"https:\/\/www.mobelmol.com\/ca\/2025\/11\/03\/bancos-vestuario-diseno-funcional-medida-gimnasios-vestuarios\/#primaryimage","inLanguage":"ca","url":"https:\/\/www.mobelmol.com\/wp-content\/uploads\/2025\/10\/Bancos-de-vestuario-para-gimnasios.jpg","contentUrl":"https:\/\/www.mobelmol.com\/wp-content\/uploads\/2025\/10\/Bancos-de-vestuario-para-gimnasios.jpg","width":1072,"height":712,"caption":"Bancos de vestuario para gimnasios"},{"@type":"WebPage","@id":"https:\/\/www.mobelmol.com\/ca\/2025\/11\/03\/bancos-vestuario-diseno-funcional-medida-gimnasios-vestuarios\/#webpage","url":"https:\/\/www.mobelmol.com\/ca\/2025\/11\/03\/bancos-vestuario-diseno-funcional-medida-gimnasios-vestuarios\/","name":"Bancs de vestuari per a gimnasos i espais corporatius | Mobelmol","isPartOf":{"@id":"https:\/\/www.mobelmol.com\/ca\/#website"},"primaryImageOfPage":{"@id":"https:\/\/www.mobelmol.com\/ca\/2025\/11\/03\/bancos-vestuario-diseno-funcional-medida-gimnasios-vestuarios\/#primaryimage"},"datePublished":"2025-11-03T10:28:38+00:00","dateModified":"2025-10-31T10:52:03+00:00","description":"Descobreix els bancs de vestuari fen\u00f2lics: resistents, higi\u00e8nics i a mida. Ideals per a gimnasos i vestidors d'alt tr\u00e0nsit.","breadcrumb":{"@id":"https:\/\/www.mobelmol.com\/ca\/2025\/11\/03\/bancos-vestuario-diseno-funcional-medida-gimnasios-vestuarios\/#breadcrumb"},"inLanguage":"ca","potentialAction":[{"@type":"ReadAction","target":["https:\/\/www.mobelmol.com\/ca\/2025\/11\/03\/bancos-vestuario-diseno-funcional-medida-gimnasios-vestuarios\/"]}]},{"@type":"BreadcrumbList","@id":"https:\/\/www.mobelmol.com\/ca\/2025\/11\/03\/bancos-vestuario-diseno-funcional-medida-gimnasios-vestuarios\/#breadcrumb","itemListElement":[{"@type":"ListItem","position":1,"name":"Portada","item":"https:\/\/www.mobelmol.com\/ca\/"},{"@type":"ListItem","position":2,"name":"Bancs de vestuari: disseny funcional i a mida per a gimnasos i vestuaris"}]},{"@type":"Article","@id":"https:\/\/www.mobelmol.com\/ca\/2025\/11\/03\/bancos-vestuario-diseno-funcional-medida-gimnasios-vestuarios\/#article","isPartOf":{"@id":"https:\/\/www.mobelmol.com\/ca\/2025\/11\/03\/bancos-vestuario-diseno-funcional-medida-gimnasios-vestuarios\/#webpage"},"author":{"@id":"https:\/\/www.mobelmol.com\/ca\/#\/schema\/person\/6ef58f30bb6faf6105be0e48a4e0be28"},"headline":"Bancs de vestuari: disseny funcional i a mida per a gimnasos i vestuaris","datePublished":"2025-11-03T10:28:38+00:00","dateModified":"2025-10-31T10:52:03+00:00","mainEntityOfPage":{"@id":"https:\/\/www.mobelmol.com\/ca\/2025\/11\/03\/bancos-vestuario-diseno-funcional-medida-gimnasios-vestuarios\/#webpage"},"wordCount":584,"commentCount":0,"publisher":{"@id":"https:\/\/www.mobelmol.com\/ca\/#organization"},"image":{"@id":"https:\/\/www.mobelmol.com\/ca\/2025\/11\/03\/bancos-vestuario-diseno-funcional-medida-gimnasios-vestuarios\/#primaryimage"},"thumbnailUrl":"https:\/\/www.mobelmol.com\/wp-content\/uploads\/2025\/10\/Bancos-de-vestuario-para-gimnasios.jpg","articleSection":["Bancos gimnasios","Bancs fen\u00f2lics","Bancs i penjadors vestuaris","Bancs per vestuari"],"inLanguage":"ca","potentialAction":[{"@type":"CommentAction","name":"Comment","target":["https:\/\/www.mobelmol.com\/ca\/2025\/11\/03\/bancos-vestuario-diseno-funcional-medida-gimnasios-vestuarios\/#respond"]}]},{"@type":"Person","@id":"https:\/\/www.mobelmol.com\/ca\/#\/schema\/person\/6ef58f30bb6faf6105be0e48a4e0be28","name":"admin","image":{"@type":"ImageObject","@id":"https:\/\/www.mobelmol.com\/ca\/#personlogo","inLanguage":"ca","url":"https:\/\/secure.gravatar.com\/avatar\/0c7509c85c836ff68bc43efa415976254ed1463e7bbc3edf38a658092e29e5b4?s=96&d=mm&r=g","contentUrl":"https:\/\/secure.gravatar.com\/avatar\/0c7509c85c836ff68bc43efa415976254ed1463e7bbc3edf38a658092e29e5b4?s=96&d=mm&r=g","caption":"admin"},"sameAs":["https:\/\/www.mobelmol.com"],"url":"https:\/\/www.mobelmol.com\/ca\/author\/jordi\/"}]}},"_links":{"self":[{"href":"https:\/\/www.mobelmol.com\/ca\/wp-json\/wp\/v2\/posts\/9350","targetHints":{"allow":["GET"]}}],"collection":[{"href":"https:\/\/www.mobelmol.com\/ca\/wp-json\/wp\/v2\/posts"}],"about":[{"href":"https:\/\/www.mobelmol.com\/ca\/wp-json\/wp\/v2\/types\/post"}],"author":[{"embeddable":true,"href":"https:\/\/www.mobelmol.com\/ca\/wp-json\/wp\/v2\/users\/1"}],"replies":[{"embeddable":true,"href":"https:\/\/www.mobelmol.com\/ca\/wp-json\/wp\/v2\/comments?post=9350"}],"version-history":[{"count":4,"href":"https:\/\/www.mobelmol.com\/ca\/wp-json\/wp\/v2\/posts\/9350\/revisions"}],"predecessor-version":[{"id":9354,"href":"https:\/\/www.mobelmol.com\/ca\/wp-json\/wp\/v2\/posts\/9350\/revisions\/9354"}],"wp:featuredmedia":[{"embeddable":true,"href":"https:\/\/www.mobelmol.com\/ca\/wp-json\/wp\/v2\/media\/9342"}],"wp:attachment":[{"href":"https:\/\/www.mobelmol.com\/ca\/wp-json\/wp\/v2\/media?parent=9350"}],"wp:term":[{"taxonomy":"category","embeddable":true,"href":"https:\/\/www.mobelmol.com\/ca\/wp-json\/wp\/v2\/categories?post=9350"},{"taxonomy":"post_tag","embeddable":true,"href":"https:\/\/www.mobelmol.com\/ca\/wp-json\/wp\/v2\/tags?post=9350"}],"curies":[{"name":"wp","href":"https:\/\/api.w.org\/{rel}","templated":true}]}}