{"id":9365,"date":"2025-11-12T14:59:53","date_gmt":"2025-11-12T14:59:53","guid":{"rendered":"https:\/\/www.mobelmol.com\/2025\/11\/12\/mobiliario-encimeras-medida-camping-compacto-fenolico\/"},"modified":"2025-11-12T18:00:07","modified_gmt":"2025-11-12T18:00:07","slug":"mobiliari-taulells-mida-camping-compacte-fenolic","status":"publish","type":"post","link":"https:\/\/www.mobelmol.com\/ca\/2025\/11\/12\/mobiliari-taulells-mida-camping-compacte-fenolic\/","title":{"rendered":"Taulells a mida en c\u00e0mpings: avantatges del compacte fen\u00f2lic personalitzat"},"content":{"rendered":"\n<p>El disseny dels espais en un c\u00e0mping va molt m\u00e9s enll\u00e0 de l&#8217;est\u00e8tica. Els materials utilitzats han de suportar la humitat, l\u2019\u00fas intensiu i les condicions de l\u2019entorn sense perdre funcionalitat ni estil. En aquest context, els <strong>taulells a mida<\/strong> fabricats en <strong>compacte fen\u00f2lic (HPL)<\/strong> s&#8217;han convertit en una soluci\u00f3 ideal per a zones comunes, cuines, lavabos i \u00e0rees de serveis.<\/p>\n\n<p>El <strong>mobiliari per a c\u00e0mpings<\/strong> ha de ser resistent, durador i de f\u00e0cil manteniment. A <strong>Mobelmol<\/strong>, desenvolupem solucions personalitzades que combinen disseny, robustesa i practicitat, adaptades a cada projecte i entorn.<\/p>\n\n<h2 class=\"wp-block-heading\">Per qu\u00e8 triar taulells a mida en compacte fen\u00f2lic?<\/h2>\n\n<p>El <strong>compacte fen\u00f2lic<\/strong> o HPL (High Pressure Laminate) \u00e9s un material laminat d&#8217;alta pressi\u00f3 que destaca per la seva <strong>resist\u00e8ncia a la humitat, a la calor i al desgast<\/strong>, caracter\u00edstiques essencials en un entorn com un c\u00e0mping.<\/p>\n\n<p>Els <strong>taulells a mida<\/strong> fabricats amb aquest material ofereixen m\u00faltiples avantatges:<\/p>\n\n<ul class=\"wp-block-list\">\n<li><strong>Durabilitat excepcional<\/strong>: suporten cops, ratllades i l\u2019\u00fas diari sense deteriorar-se.<\/li>\n\n\n\n<li><strong>Resist\u00e8ncia a l\u2019aigua i al vapor<\/strong>: ideals per a cuines, safareigs i banys.<\/li>\n\n\n\n<li><strong>F\u00e0cil neteja<\/strong>: la seva superf\u00edcie llisa i no porosa evita l\u2019acumulaci\u00f3 de brut\u00edcia i bacteris.<\/li>\n\n\n\n<li><strong>Disseny personalitzat<\/strong>: disponibles en diferents colors, gruixos i acabats.<\/li>\n\n\n\n<li><strong>Instal\u00b7laci\u00f3 vers\u00e0til<\/strong>: s&#8217;adapten a qualsevol mesura i tipus d&#8217;estructura.<\/li>\n<\/ul>\n\n<p>Aquestes propietats converteixen el compacte fen\u00f2lic en una aposta segura per a projectes de <strong>mobiliari de c\u00e0mping<\/strong> que busquen funcionalitat i est\u00e8tica alhora.<\/p>\n\n<p>Tamb\u00e9 s\u00f3n ideals per a lavabos d&#8217;oficines, col\u00b7legis, ind\u00fastries en general, &#8230;<\/p>\n<div class=\"wp-block-image\">\n<figure class=\"aligncenter size-large\"><img decoding=\"async\" src=\"data:image\/gif;base64,R0lGODlhAQABAIAAAAAAAP\/\/\/yH5BAEAAAAALAAAAAABAAEAAAIBRAA7\" data-src=\"https:\/\/www.mobelmol.com\/wp-content\/uploads\/2025\/11\/Encimeras-en-campings-1024x576.jpg\" alt=\"Taulells en campings\" class=\"wp-image-9362 lazyload\"\/><noscript><img decoding=\"async\" width=\"1024\" height=\"576\" src=\"https:\/\/www.mobelmol.com\/wp-content\/uploads\/2025\/11\/Encimeras-en-campings-1024x576.jpg\" alt=\"Taulells en campings\" class=\"wp-image-9362 lazyload\" srcset=\"https:\/\/www.mobelmol.com\/wp-content\/uploads\/2025\/11\/Encimeras-en-campings-1024x576.jpg 1024w, https:\/\/www.mobelmol.com\/wp-content\/uploads\/2025\/11\/Encimeras-en-campings-300x170.jpg 300w, https:\/\/www.mobelmol.com\/wp-content\/uploads\/2025\/11\/Encimeras-en-campings-768x432.jpg 768w, https:\/\/www.mobelmol.com\/wp-content\/uploads\/2025\/11\/Encimeras-en-campings-600x338.jpg 600w, https:\/\/www.mobelmol.com\/wp-content\/uploads\/2025\/11\/Encimeras-en-campings.jpg 1032w\" sizes=\"(max-width: 1024px) 100vw, 1024px\" \/><\/noscript><\/figure>\n<\/div>\n<h2 class=\"wp-block-heading\">Avantatges del mobiliari fen\u00f2lic en c\u00e0mpings<\/h2>\n\n<p>El mobiliari fen\u00f2lic no nom\u00e9s aporta durabilitat, sin\u00f3 tamb\u00e9 <strong>una imatge moderna i professional<\/strong>. En c\u00e0mpings, on els espais s&#8217;utilitzen intensivament per desenes o cents d&#8217;usuaris cada dia, disposar de mobiliari resistent i de f\u00e0cil manteniment redueix costos i millora l&#8217;experi\u00e8ncia de l&#8217;usuari.<\/p>\n\n<p>Entre els principals avantatges:<\/p>\n\n<ul class=\"wp-block-list\">\n<li><strong>Llarga vida \u00fatil<\/strong>, fins i tot en condicions d\u2019exterior o humitat.<\/li>\n\n\n\n<li><strong>Manteniment m\u00ednim<\/strong> gr\u00e0cies a la seva superf\u00edcie antibacteriana.<\/li>\n\n\n\n<li><strong>Disseny coherent<\/strong> amb la resta d&#8217;equipament del c\u00e0mping (lavabos, dutxes, cuines col\u00b7lectives, etc.).<\/li>\n\n\n\n<li><strong>Fabricaci\u00f3 a mida<\/strong>, per adaptar-se perfectament a cada espai.<\/li>\n<\/ul>\n\n<h2 class=\"wp-block-heading\">Experi\u00e8ncia Mobelmol: disseny resistent i a mida<\/h2>\n\n<p>A <a href=\"https:\/\/www.mobelmol.com\/ca\/\">Mobelmol<\/a>, som especialistes en la fabricaci\u00f3 de <strong>taulells<\/strong> <strong>a mida i mobiliari t\u00e8cnic<\/strong> en compacte fen\u00f2lic. La nostra experi\u00e8ncia en projectes tur\u00edstics i esportius ens ha perm\u00e8s equipar instal\u00b7lacions on la resist\u00e8ncia i l&#8217;est\u00e8tica s\u00f3n igual d&#8217;importants.<\/p>\n\n<p>Un exemple d&#8217;aix\u00f2 \u00e9s la participaci\u00f3 en la <a href=\"https:\/\/www.mobelmol.com\/ca\/2023\/07\/26\/el-sector-del-camping-continua-confiant-en-mobelmol-i-les-seves-cabines-sanitaries\/\">remodelaci\u00f3 del C\u00e0mping King&#8217;s<\/a>, on es van fabricar <strong>taulells i mobiliari fen\u00f2lic personalitzat<\/strong>, dissenyats per oferir durabilitat i confort en un entorn d&#8217;\u00fas intensiu.<\/p>\n\n<p>Si est\u00e0s dissenyant o renovant un c\u00e0mping, hostel o instal\u00b7laci\u00f3 tur\u00edstica, t&#8217;ajudem a crear <strong>taulells a mida<\/strong> que s&#8217;adapten al teu projecte, aix\u00ed com tot tipus de mobiliari de c\u00e0mping personalitzat i de qualitat.<\/p>\n\n<p><a href=\"https:\/\/www.mobelmol.com\/ca\/contacta-construccio-fenolic-productes\/\">Contacta amb Mobelmol<\/a> per demanar assessorament o pressupost personalitzat.<\/p>\n<div class=\"wp-block-image\">\n<figure class=\"aligncenter size-large\"><img decoding=\"async\" src=\"data:image\/gif;base64,R0lGODlhAQABAIAAAAAAAP\/\/\/yH5BAEAAAAALAAAAAABAAEAAAIBRAA7\" data-src=\"https:\/\/www.mobelmol.com\/wp-content\/uploads\/2025\/11\/Encimeras-a-medida-1024x680.jpg\" alt=\"Taulells a mida\" class=\"wp-image-9360 lazyload\"\/><noscript><img decoding=\"async\" width=\"1024\" height=\"680\" src=\"https:\/\/www.mobelmol.com\/wp-content\/uploads\/2025\/11\/Encimeras-a-medida-1024x680.jpg\" alt=\"Taulells a mida\" class=\"wp-image-9360 lazyload\" srcset=\"https:\/\/www.mobelmol.com\/wp-content\/uploads\/2025\/11\/Encimeras-a-medida-1024x680.jpg 1024w, https:\/\/www.mobelmol.com\/wp-content\/uploads\/2025\/11\/Encimeras-a-medida-300x199.jpg 300w, https:\/\/www.mobelmol.com\/wp-content\/uploads\/2025\/11\/Encimeras-a-medida-768x510.jpg 768w, https:\/\/www.mobelmol.com\/wp-content\/uploads\/2025\/11\/Encimeras-a-medida-365x243.jpg 365w, https:\/\/www.mobelmol.com\/wp-content\/uploads\/2025\/11\/Encimeras-a-medida-600x399.jpg 600w, https:\/\/www.mobelmol.com\/wp-content\/uploads\/2025\/11\/Encimeras-a-medida.jpg 1072w\" sizes=\"(max-width: 1024px) 100vw, 1024px\" \/><\/noscript><\/figure>\n<\/div>","protected":false},"excerpt":{"rendered":"<p>El disseny dels espais en un c\u00e0mping va molt m\u00e9s enll\u00e0 de l&#8217;est\u00e8tica. Els materials utilitzats han de suportar la humitat, l\u2019\u00fas intensiu i les condicions de l\u2019entorn sense perdre funcionalitat ni estil. En aquest context, els taulells a mida fabricats en compacte fen\u00f2lic (HPL) s&#8217;han convertit en una soluci\u00f3 ideal per a zones comunes,&#8230;<\/p>\n","protected":false},"author":2,"featured_media":9358,"comment_status":"open","ping_status":"closed","sticky":false,"template":"","format":"standard","meta":{"footnotes":""},"categories":[614,596,561,414,560],"tags":[],"class_list":["post-9365","post","type-post","status-publish","format-standard","has-post-thumbnail","hentry","category-encimeras-resinas-fenolicas-ca","category-equipament-campings-ca","category-mobiliari-camping-ca","category-sense-categoria","category-taulells-hpl-ca"],"acf":[],"yoast_head":"<!-- This site is optimized with the Yoast SEO plugin v17.8 - https:\/\/yoast.com\/wordpress\/plugins\/seo\/ -->\n<title>Taulells a mida en c\u00e0mpings | Mobiliari de c\u00e0mping Mobelmol<\/title>\n<meta name=\"description\" content=\"Descobreix els avantatges dels taulells a mida en compacte fen\u00f2lic per a c\u00e0mpings. Mobiliari resistent, higi\u00e8nic i durador per a c\u00e0mping.\" \/>\n<meta name=\"robots\" content=\"index, follow, max-snippet:-1, max-image-preview:large, max-video-preview:-1\" \/>\n<link rel=\"canonical\" href=\"https:\/\/www.mobelmol.com\/ca\/2025\/11\/12\/mobiliari-taulells-mida-camping-compacte-fenolic\/\" \/>\n<meta property=\"og:locale\" content=\"ca_ES\" \/>\n<meta property=\"og:type\" content=\"article\" \/>\n<meta property=\"og:title\" content=\"Taulells a mida en c\u00e0mpings | Mobiliari de c\u00e0mping Mobelmol\" \/>\n<meta property=\"og:description\" content=\"Descobreix els avantatges dels taulells a mida en compacte fen\u00f2lic per a c\u00e0mpings. Mobiliari resistent, higi\u00e8nic i durador per a c\u00e0mping.\" \/>\n<meta property=\"og:url\" content=\"https:\/\/www.mobelmol.com\/ca\/2025\/11\/12\/mobiliari-taulells-mida-camping-compacte-fenolic\/\" \/>\n<meta property=\"og:site_name\" content=\"Mobelmol\" \/>\n<meta property=\"article:published_time\" content=\"2025-11-12T14:59:53+00:00\" \/>\n<meta property=\"article:modified_time\" content=\"2025-11-12T18:00:07+00:00\" \/>\n<meta property=\"og:image\" content=\"https:\/\/www.mobelmol.com\/wp-content\/uploads\/2025\/11\/Encimeras-a-medida-en-campings.jpg\" \/>\n\t<meta property=\"og:image:width\" content=\"1072\" \/>\n\t<meta property=\"og:image:height\" content=\"712\" \/>\n<meta name=\"twitter:card\" content=\"summary_large_image\" \/>\n<meta name=\"twitter:label1\" content=\"Escrit per\" \/>\n\t<meta name=\"twitter:data1\" content=\"mobelmol\" \/>\n\t<meta name=\"twitter:label2\" content=\"Temps estimat de lectura\" \/>\n\t<meta name=\"twitter:data2\" content=\"3 minuts\" \/>\n<script type=\"application\/ld+json\" class=\"yoast-schema-graph\">{\"@context\":\"https:\/\/schema.org\",\"@graph\":[{\"@type\":\"Organization\",\"@id\":\"https:\/\/www.mobelmol.com\/ca\/#organization\",\"name\":\"Mobelmol\",\"url\":\"https:\/\/www.mobelmol.com\/ca\/\",\"sameAs\":[],\"logo\":{\"@type\":\"ImageObject\",\"@id\":\"https:\/\/www.mobelmol.com\/ca\/#logo\",\"inLanguage\":\"ca\",\"url\":\"https:\/\/www.mobelmol.com\/wp-content\/uploads\/2021\/05\/lgo-mobelmol.svg\",\"contentUrl\":\"https:\/\/www.mobelmol.com\/wp-content\/uploads\/2021\/05\/lgo-mobelmol.svg\",\"width\":100,\"height\":100,\"caption\":\"Mobelmol\"},\"image\":{\"@id\":\"https:\/\/www.mobelmol.com\/ca\/#logo\"}},{\"@type\":\"WebSite\",\"@id\":\"https:\/\/www.mobelmol.com\/ca\/#website\",\"url\":\"https:\/\/www.mobelmol.com\/ca\/\",\"name\":\"Mobelmol\",\"description\":\"Fabricaci\\u00f3n e instalaci\\u00f3n de equipamiento y mobiliario con panel compacto\",\"publisher\":{\"@id\":\"https:\/\/www.mobelmol.com\/ca\/#organization\"},\"potentialAction\":[{\"@type\":\"SearchAction\",\"target\":{\"@type\":\"EntryPoint\",\"urlTemplate\":\"https:\/\/www.mobelmol.com\/ca\/?s={search_term_string}\"},\"query-input\":\"required name=search_term_string\"}],\"inLanguage\":\"ca\"},{\"@type\":\"ImageObject\",\"@id\":\"https:\/\/www.mobelmol.com\/ca\/2025\/11\/12\/mobiliari-taulells-mida-camping-compacte-fenolic\/#primaryimage\",\"inLanguage\":\"ca\",\"url\":\"https:\/\/www.mobelmol.com\/wp-content\/uploads\/2025\/11\/Encimeras-a-medida-en-campings.jpg\",\"contentUrl\":\"https:\/\/www.mobelmol.com\/wp-content\/uploads\/2025\/11\/Encimeras-a-medida-en-campings.jpg\",\"width\":1072,\"height\":712,\"caption\":\"Encimeras a medida en campings\"},{\"@type\":\"WebPage\",\"@id\":\"https:\/\/www.mobelmol.com\/ca\/2025\/11\/12\/mobiliari-taulells-mida-camping-compacte-fenolic\/#webpage\",\"url\":\"https:\/\/www.mobelmol.com\/ca\/2025\/11\/12\/mobiliari-taulells-mida-camping-compacte-fenolic\/\",\"name\":\"Taulells a mida en c\\u00e0mpings | Mobiliari de c\\u00e0mping Mobelmol\",\"isPartOf\":{\"@id\":\"https:\/\/www.mobelmol.com\/ca\/#website\"},\"primaryImageOfPage\":{\"@id\":\"https:\/\/www.mobelmol.com\/ca\/2025\/11\/12\/mobiliari-taulells-mida-camping-compacte-fenolic\/#primaryimage\"},\"datePublished\":\"2025-11-12T14:59:53+00:00\",\"dateModified\":\"2025-11-12T18:00:07+00:00\",\"description\":\"Descobreix els avantatges dels taulells a mida en compacte fen\\u00f2lic per a c\\u00e0mpings. Mobiliari resistent, higi\\u00e8nic i durador per a c\\u00e0mping.\",\"breadcrumb\":{\"@id\":\"https:\/\/www.mobelmol.com\/ca\/2025\/11\/12\/mobiliari-taulells-mida-camping-compacte-fenolic\/#breadcrumb\"},\"inLanguage\":\"ca\",\"potentialAction\":[{\"@type\":\"ReadAction\",\"target\":[\"https:\/\/www.mobelmol.com\/ca\/2025\/11\/12\/mobiliari-taulells-mida-camping-compacte-fenolic\/\"]}]},{\"@type\":\"BreadcrumbList\",\"@id\":\"https:\/\/www.mobelmol.com\/ca\/2025\/11\/12\/mobiliari-taulells-mida-camping-compacte-fenolic\/#breadcrumb\",\"itemListElement\":[{\"@type\":\"ListItem\",\"position\":1,\"name\":\"Portada\",\"item\":\"https:\/\/www.mobelmol.com\/ca\/\"},{\"@type\":\"ListItem\",\"position\":2,\"name\":\"Taulells a mida en c\\u00e0mpings: avantatges del compacte fen\\u00f2lic personalitzat\"}]},{\"@type\":\"Article\",\"@id\":\"https:\/\/www.mobelmol.com\/ca\/2025\/11\/12\/mobiliari-taulells-mida-camping-compacte-fenolic\/#article\",\"isPartOf\":{\"@id\":\"https:\/\/www.mobelmol.com\/ca\/2025\/11\/12\/mobiliari-taulells-mida-camping-compacte-fenolic\/#webpage\"},\"author\":{\"@id\":\"https:\/\/www.mobelmol.com\/ca\/#\/schema\/person\/565ae207c10648a08594927140077125\"},\"headline\":\"Taulells a mida en c\\u00e0mpings: avantatges del compacte fen\\u00f2lic personalitzat\",\"datePublished\":\"2025-11-12T14:59:53+00:00\",\"dateModified\":\"2025-11-12T18:00:07+00:00\",\"mainEntityOfPage\":{\"@id\":\"https:\/\/www.mobelmol.com\/ca\/2025\/11\/12\/mobiliari-taulells-mida-camping-compacte-fenolic\/#webpage\"},\"wordCount\":525,\"commentCount\":0,\"publisher\":{\"@id\":\"https:\/\/www.mobelmol.com\/ca\/#organization\"},\"image\":{\"@id\":\"https:\/\/www.mobelmol.com\/ca\/2025\/11\/12\/mobiliari-taulells-mida-camping-compacte-fenolic\/#primaryimage\"},\"thumbnailUrl\":\"https:\/\/www.mobelmol.com\/wp-content\/uploads\/2025\/11\/Encimeras-a-medida-en-campings.jpg\",\"articleSection\":{\"0\":\"Encimeras resinas fen\\u00f3licas\",\"1\":\"Equipament campings\",\"2\":\"Mobiliari c\\u00e0mping\",\"4\":\"Taulells HPL\"},\"inLanguage\":\"ca\",\"potentialAction\":[{\"@type\":\"CommentAction\",\"name\":\"Comment\",\"target\":[\"https:\/\/www.mobelmol.com\/ca\/2025\/11\/12\/mobiliari-taulells-mida-camping-compacte-fenolic\/#respond\"]}]},{\"@type\":\"Person\",\"@id\":\"https:\/\/www.mobelmol.com\/ca\/#\/schema\/person\/565ae207c10648a08594927140077125\",\"name\":\"mobelmol\",\"image\":{\"@type\":\"ImageObject\",\"@id\":\"https:\/\/www.mobelmol.com\/ca\/#personlogo\",\"inLanguage\":\"ca\",\"url\":\"https:\/\/secure.gravatar.com\/avatar\/3d3d3967f2c155ccb5acdd1c49dadd15fbd63af600c1f741d7fa69c807bad1df?s=96&d=mm&r=g\",\"contentUrl\":\"https:\/\/secure.gravatar.com\/avatar\/3d3d3967f2c155ccb5acdd1c49dadd15fbd63af600c1f741d7fa69c807bad1df?s=96&d=mm&r=g\",\"caption\":\"mobelmol\"},\"url\":\"https:\/\/www.mobelmol.com\/ca\/author\/mobelmol\/\"}]}<\/script>\n<!-- \/ Yoast SEO plugin. -->","yoast_head_json":{"title":"Taulells a mida en c\u00e0mpings | Mobiliari de c\u00e0mping Mobelmol","description":"Descobreix els avantatges dels taulells a mida en compacte fen\u00f2lic per a c\u00e0mpings. Mobiliari resistent, higi\u00e8nic i durador per a c\u00e0mping.","robots":{"index":"index","follow":"follow","max-snippet":"max-snippet:-1","max-image-preview":"max-image-preview:large","max-video-preview":"max-video-preview:-1"},"canonical":"https:\/\/www.mobelmol.com\/ca\/2025\/11\/12\/mobiliari-taulells-mida-camping-compacte-fenolic\/","og_locale":"ca_ES","og_type":"article","og_title":"Taulells a mida en c\u00e0mpings | Mobiliari de c\u00e0mping Mobelmol","og_description":"Descobreix els avantatges dels taulells a mida en compacte fen\u00f2lic per a c\u00e0mpings. Mobiliari resistent, higi\u00e8nic i durador per a c\u00e0mping.","og_url":"https:\/\/www.mobelmol.com\/ca\/2025\/11\/12\/mobiliari-taulells-mida-camping-compacte-fenolic\/","og_site_name":"Mobelmol","article_published_time":"2025-11-12T14:59:53+00:00","article_modified_time":"2025-11-12T18:00:07+00:00","og_image":[{"width":1072,"height":712,"url":"https:\/\/www.mobelmol.com\/wp-content\/uploads\/2025\/11\/Encimeras-a-medida-en-campings.jpg","type":"image\/jpeg"}],"twitter_card":"summary_large_image","twitter_misc":{"Escrit per":"mobelmol","Temps estimat de lectura":"3 minuts"},"schema":{"@context":"https:\/\/schema.org","@graph":[{"@type":"Organization","@id":"https:\/\/www.mobelmol.com\/ca\/#organization","name":"Mobelmol","url":"https:\/\/www.mobelmol.com\/ca\/","sameAs":[],"logo":{"@type":"ImageObject","@id":"https:\/\/www.mobelmol.com\/ca\/#logo","inLanguage":"ca","url":"https:\/\/www.mobelmol.com\/wp-content\/uploads\/2021\/05\/lgo-mobelmol.svg","contentUrl":"https:\/\/www.mobelmol.com\/wp-content\/uploads\/2021\/05\/lgo-mobelmol.svg","width":100,"height":100,"caption":"Mobelmol"},"image":{"@id":"https:\/\/www.mobelmol.com\/ca\/#logo"}},{"@type":"WebSite","@id":"https:\/\/www.mobelmol.com\/ca\/#website","url":"https:\/\/www.mobelmol.com\/ca\/","name":"Mobelmol","description":"Fabricaci\u00f3n e instalaci\u00f3n de equipamiento y mobiliario con panel compacto","publisher":{"@id":"https:\/\/www.mobelmol.com\/ca\/#organization"},"potentialAction":[{"@type":"SearchAction","target":{"@type":"EntryPoint","urlTemplate":"https:\/\/www.mobelmol.com\/ca\/?s={search_term_string}"},"query-input":"required name=search_term_string"}],"inLanguage":"ca"},{"@type":"ImageObject","@id":"https:\/\/www.mobelmol.com\/ca\/2025\/11\/12\/mobiliari-taulells-mida-camping-compacte-fenolic\/#primaryimage","inLanguage":"ca","url":"https:\/\/www.mobelmol.com\/wp-content\/uploads\/2025\/11\/Encimeras-a-medida-en-campings.jpg","contentUrl":"https:\/\/www.mobelmol.com\/wp-content\/uploads\/2025\/11\/Encimeras-a-medida-en-campings.jpg","width":1072,"height":712,"caption":"Encimeras a medida en campings"},{"@type":"WebPage","@id":"https:\/\/www.mobelmol.com\/ca\/2025\/11\/12\/mobiliari-taulells-mida-camping-compacte-fenolic\/#webpage","url":"https:\/\/www.mobelmol.com\/ca\/2025\/11\/12\/mobiliari-taulells-mida-camping-compacte-fenolic\/","name":"Taulells a mida en c\u00e0mpings | Mobiliari de c\u00e0mping Mobelmol","isPartOf":{"@id":"https:\/\/www.mobelmol.com\/ca\/#website"},"primaryImageOfPage":{"@id":"https:\/\/www.mobelmol.com\/ca\/2025\/11\/12\/mobiliari-taulells-mida-camping-compacte-fenolic\/#primaryimage"},"datePublished":"2025-11-12T14:59:53+00:00","dateModified":"2025-11-12T18:00:07+00:00","description":"Descobreix els avantatges dels taulells a mida en compacte fen\u00f2lic per a c\u00e0mpings. Mobiliari resistent, higi\u00e8nic i durador per a c\u00e0mping.","breadcrumb":{"@id":"https:\/\/www.mobelmol.com\/ca\/2025\/11\/12\/mobiliari-taulells-mida-camping-compacte-fenolic\/#breadcrumb"},"inLanguage":"ca","potentialAction":[{"@type":"ReadAction","target":["https:\/\/www.mobelmol.com\/ca\/2025\/11\/12\/mobiliari-taulells-mida-camping-compacte-fenolic\/"]}]},{"@type":"BreadcrumbList","@id":"https:\/\/www.mobelmol.com\/ca\/2025\/11\/12\/mobiliari-taulells-mida-camping-compacte-fenolic\/#breadcrumb","itemListElement":[{"@type":"ListItem","position":1,"name":"Portada","item":"https:\/\/www.mobelmol.com\/ca\/"},{"@type":"ListItem","position":2,"name":"Taulells a mida en c\u00e0mpings: avantatges del compacte fen\u00f2lic personalitzat"}]},{"@type":"Article","@id":"https:\/\/www.mobelmol.com\/ca\/2025\/11\/12\/mobiliari-taulells-mida-camping-compacte-fenolic\/#article","isPartOf":{"@id":"https:\/\/www.mobelmol.com\/ca\/2025\/11\/12\/mobiliari-taulells-mida-camping-compacte-fenolic\/#webpage"},"author":{"@id":"https:\/\/www.mobelmol.com\/ca\/#\/schema\/person\/565ae207c10648a08594927140077125"},"headline":"Taulells a mida en c\u00e0mpings: avantatges del compacte fen\u00f2lic personalitzat","datePublished":"2025-11-12T14:59:53+00:00","dateModified":"2025-11-12T18:00:07+00:00","mainEntityOfPage":{"@id":"https:\/\/www.mobelmol.com\/ca\/2025\/11\/12\/mobiliari-taulells-mida-camping-compacte-fenolic\/#webpage"},"wordCount":525,"commentCount":0,"publisher":{"@id":"https:\/\/www.mobelmol.com\/ca\/#organization"},"image":{"@id":"https:\/\/www.mobelmol.com\/ca\/2025\/11\/12\/mobiliari-taulells-mida-camping-compacte-fenolic\/#primaryimage"},"thumbnailUrl":"https:\/\/www.mobelmol.com\/wp-content\/uploads\/2025\/11\/Encimeras-a-medida-en-campings.jpg","articleSection":{"0":"Encimeras resinas fen\u00f3licas","1":"Equipament campings","2":"Mobiliari c\u00e0mping","4":"Taulells HPL"},"inLanguage":"ca","potentialAction":[{"@type":"CommentAction","name":"Comment","target":["https:\/\/www.mobelmol.com\/ca\/2025\/11\/12\/mobiliari-taulells-mida-camping-compacte-fenolic\/#respond"]}]},{"@type":"Person","@id":"https:\/\/www.mobelmol.com\/ca\/#\/schema\/person\/565ae207c10648a08594927140077125","name":"mobelmol","image":{"@type":"ImageObject","@id":"https:\/\/www.mobelmol.com\/ca\/#personlogo","inLanguage":"ca","url":"https:\/\/secure.gravatar.com\/avatar\/3d3d3967f2c155ccb5acdd1c49dadd15fbd63af600c1f741d7fa69c807bad1df?s=96&d=mm&r=g","contentUrl":"https:\/\/secure.gravatar.com\/avatar\/3d3d3967f2c155ccb5acdd1c49dadd15fbd63af600c1f741d7fa69c807bad1df?s=96&d=mm&r=g","caption":"mobelmol"},"url":"https:\/\/www.mobelmol.com\/ca\/author\/mobelmol\/"}]}},"_links":{"self":[{"href":"https:\/\/www.mobelmol.com\/ca\/wp-json\/wp\/v2\/posts\/9365","targetHints":{"allow":["GET"]}}],"collection":[{"href":"https:\/\/www.mobelmol.com\/ca\/wp-json\/wp\/v2\/posts"}],"about":[{"href":"https:\/\/www.mobelmol.com\/ca\/wp-json\/wp\/v2\/types\/post"}],"author":[{"embeddable":true,"href":"https:\/\/www.mobelmol.com\/ca\/wp-json\/wp\/v2\/users\/2"}],"replies":[{"embeddable":true,"href":"https:\/\/www.mobelmol.com\/ca\/wp-json\/wp\/v2\/comments?post=9365"}],"version-history":[{"count":4,"href":"https:\/\/www.mobelmol.com\/ca\/wp-json\/wp\/v2\/posts\/9365\/revisions"}],"predecessor-version":[{"id":9369,"href":"https:\/\/www.mobelmol.com\/ca\/wp-json\/wp\/v2\/posts\/9365\/revisions\/9369"}],"wp:featuredmedia":[{"embeddable":true,"href":"https:\/\/www.mobelmol.com\/ca\/wp-json\/wp\/v2\/media\/9358"}],"wp:attachment":[{"href":"https:\/\/www.mobelmol.com\/ca\/wp-json\/wp\/v2\/media?parent=9365"}],"wp:term":[{"taxonomy":"category","embeddable":true,"href":"https:\/\/www.mobelmol.com\/ca\/wp-json\/wp\/v2\/categories?post=9365"},{"taxonomy":"post_tag","embeddable":true,"href":"https:\/\/www.mobelmol.com\/ca\/wp-json\/wp\/v2\/tags?post=9365"}],"curies":[{"name":"wp","href":"https:\/\/api.w.org\/{rel}","templated":true}]}}