{"id":9283,"date":"2025-09-25T14:43:52","date_gmt":"2025-09-25T14:43:52","guid":{"rendered":"https:\/\/www.mobelmol.com\/?p=9283"},"modified":"2025-09-25T14:46:48","modified_gmt":"2025-09-25T14:46:48","slug":"cabinas-fenolicas-espacios-alto-transito","status":"publish","type":"post","link":"https:\/\/www.mobelmol.com\/es\/2025\/09\/25\/cabinas-fenolicas-espacios-alto-transito\/","title":{"rendered":"Cabinas fen\u00f3licas: soluciones inteligentes para espacios de alto tr\u00e1nsito"},"content":{"rendered":"\t\t<div data-elementor-type=\"wp-post\" data-elementor-id=\"9283\" class=\"elementor elementor-9283\" data-elementor-settings=\"[]\">\n\t\t\t\t\t\t\t<div class=\"elementor-section-wrap\">\n\t\t\t\t\t\t\t<section class=\"elementor-section elementor-top-section elementor-element elementor-element-68216546 elementor-section-boxed elementor-section-height-default elementor-section-height-default\" data-id=\"68216546\" data-element_type=\"section\" data-settings=\"{&quot;_ha_eqh_enable&quot;:false}\">\n\t\t\t\t\t\t<div class=\"elementor-container elementor-column-gap-default\">\n\t\t\t\t\t<div class=\"elementor-column elementor-col-100 elementor-top-column elementor-element elementor-element-7c5c7843\" data-id=\"7c5c7843\" data-element_type=\"column\">\n\t\t\t<div class=\"elementor-widget-wrap elementor-element-populated\">\n\t\t\t\t\t\t\t\t<div class=\"elementor-element elementor-element-27eff9b6 elementor-widget elementor-widget-text-editor\" data-id=\"27eff9b6\" data-element_type=\"widget\" data-widget_type=\"text-editor.default\">\n\t\t\t\t<div class=\"elementor-widget-container\">\n\t\t\t\t\t\t\t\n<p>Cuando hablamos de <strong>espacios de alto tr\u00e1nsito<\/strong>, como vestuarios, ba\u00f1os p\u00fablicos, centros deportivos, hospitales o edificios corporativos, la elecci\u00f3n de materiales no puede ser casual. Las superficies y estructuras deben resistir un uso constante, humedad, limpieza frecuente e incluso impactos. <a href=\"https:\/\/www.mobelmol.com\/es\/proyectos-equipamiento-vestuarios-mobiliario\/\">En este contexto<\/a>, las <a href=\"https:\/\/www.mobelmol.com\/es\/familia\/cabinas-sanitarias-a-medida\/\">cabinas fen\u00f3licas<\/a> se han convertido en una de las soluciones m\u00e1s inteligentes y funcionales.<\/p>\n\n<h2 class=\"wp-block-heading\">\u00bfQu\u00e9 son las cabinas fen\u00f3licas?<\/h2>\n\n<p>Las <strong>cabinas fen\u00f3licas<\/strong> est\u00e1n fabricadas con <strong>tableros de compacto fen\u00f3lico (HPL),<\/strong> un material laminado de alta presi\u00f3n que destaca por su <strong>resistencia a la humedad, durabilidad y f\u00e1cil mantenimiento<\/strong>. Estas caracter\u00edsticas las hacen ideales para espacios colectivos y profesionales donde la exigencia es m\u00e1xima.<\/p>\n\n<p>Adem\u00e1s de ser funcionales, <strong>permiten personalizaci\u00f3n<\/strong> en colores, acabados y medidas, lo que facilita integrarlas en dise\u00f1os modernos y alineados con la identidad corporativa de cualquier empresa.<\/p>\n\n<h2 class=\"wp-block-heading\">Ventajas de las cabinas fen\u00f3licas<\/h2>\n\n<ul class=\"wp-block-list\">\n<li><strong>Alta resistencia<\/strong>: soportan impactos, humedad, limpieza intensiva y uso continuado sin deteriorarse.<\/li>\n\n<li><strong>Higiene garantizada<\/strong>: su superficie lisa y no porosa evita la proliferaci\u00f3n de bacterias y facilita la desinfecci\u00f3n.<\/li>\n\n<li><strong>Durabilidad a largo plazo<\/strong>: una inversi\u00f3n que reduce costes de mantenimiento y reposici\u00f3n.<\/li>\n\n<li><strong>Dise\u00f1o adaptable<\/strong>: variedad de colores, acabados y posibilidades de personalizaci\u00f3n para crear entornos atractivos.<\/li>\n\n<li><strong>Versatilidad<\/strong>: se instalan en vestuarios, ba\u00f1os p\u00fablicos, gimnasios, oficinas, hospitales y colegios.<\/li>\n<\/ul>\n\n<h2 class=\"wp-block-heading\">Cabinas fen\u00f3licas para empresas: funcionalidad y dise\u00f1o<\/h2>\n\n<p>En espacios donde la <strong>funcionalidad y la resistencia<\/strong> son cr\u00edticas, el mobiliario no solo debe cumplir con la normativa, sino tambi\u00e9n contribuir a <strong>la experiencia del usuario<\/strong>. Una instalaci\u00f3n de cabinas fen\u00f3licas correctamente planificada optimiza el espacio, facilita la limpieza y transmite <strong>profesionalidad<\/strong>.<\/p>\n\n<p>Integrarlas en proyectos de interiorismo corporativo o de instalaciones p\u00fablicas permite crear ambientes seguros, c\u00f3modos y f\u00e1ciles de mantener, sin renunciar al dise\u00f1o.<\/p>\n\n<h2 class=\"wp-block-heading\">Soluciones Mobelmol para espacios de alto tr\u00e1nsito<\/h2>\n\n<p>En <a href=\"https:\/\/www.mobelmol.com\/es\/\">Mobelmol<\/a>, desarrollamos <strong>cabinas fen\u00f3licas a medida<\/strong> que combinan durabilidad, higiene y est\u00e9tica. Nuestra experiencia en proyectos de mobiliario resistente para vestuarios, colegios, hospitales y empresas nos permite ofrecer soluciones que responden a las necesidades reales de cada espacio.<\/p>\n\n<p>A continuaci\u00f3n, enlazamos a proyectos de \u00e9xito de Mobelmol en instalaci\u00f3n de cabinas sanitarias:<\/p>\n\n<p><a href=\"https:\/\/www.mobelmol.com\/es\/2023\/07\/26\/el-sector-del-camping-sigue-confiando-en-mobelmol-y-sus-cabinas-sanitarias\/\">El sector del camping sigue confiando en Mobelmol y sus cabinas sanitarias<\/a><\/p>\n\n<p><a href=\"https:\/\/www.mobelmol.com\/es\/2023\/06\/09\/mobelmol-participa-en-la-construccion-de-un-edificio-de-oficinas-en-el-distrito-tecnologico-madbit-en-madrid\/\">Mobelmol participa en la construcci\u00f3n de un edificio de oficinas en el distrito tecnol\u00f3gico MADBIT de Madrid<\/a><\/p>\n<p><a href=\"https:\/\/www.mobelmol.com\/es\/2016\/10\/21\/mobelmol-demuestra-de-nuevo-la-idoneidad-de-sus-productos-para-los-ambientes-mas-exigentes\/\">Mobelmol demuestra de nuevo la idoneidad de sus productos para los ambientes m\u00e1s exigentes<\/a><\/p>\n\n<p>\u00a0<\/p>\n\t\t\t\t\t\t<\/div>\n\t\t\t\t<\/div>\n\t\t\t\t\t<\/div>\n\t\t<\/div>\n\t\t\t\t\t\t\t<\/div>\n\t\t<\/section>\n\t\t\t\t\t\t<\/div>\n\t\t\t\t\t<\/div>\n\t\t","protected":false},"excerpt":{"rendered":"<p>Cuando hablamos de espacios de alto tr\u00e1nsito, como vestuarios, ba\u00f1os p\u00fablicos, centros deportivos, hospitales o edificios corporativos, la elecci\u00f3n de materiales no puede ser casual. Las superficies y estructuras deben resistir un uso constante, humedad, limpieza frecuente e incluso impactos. En este contexto, las cabinas fen\u00f3licas se han convertido en una de las soluciones m\u00e1s&#8230;<\/p>\n","protected":false},"author":2,"featured_media":5683,"comment_status":"open","ping_status":"closed","sticky":false,"template":"","format":"standard","meta":{"footnotes":""},"categories":[450,454,459,460],"tags":[],"class_list":["post-9283","post","type-post","status-publish","format-standard","has-post-thumbnail","hentry","category-cabinas-fenolicas","category-cabinas-sanitarias","category-cabinas-sanitarias-vestuarios","category-cabinas-sanitarias-wc-ducha-y-cambio"],"acf":[],"yoast_head":"<!-- This site is optimized with the Yoast SEO plugin v17.8 - https:\/\/yoast.com\/wordpress\/plugins\/seo\/ -->\n<title>Cabinas fen\u00f3licas: soluci\u00f3n para espacios de alto tr\u00e1nsito<\/title>\n<meta name=\"description\" content=\"Descubre por qu\u00e9 las cabinas fen\u00f3licas son ideales para vestuarios y ba\u00f1os de alto tr\u00e1nsito. Resistencia, higiene y dise\u00f1o profesional con Mobelmol.\" \/>\n<meta name=\"robots\" content=\"index, follow, max-snippet:-1, max-image-preview:large, max-video-preview:-1\" \/>\n<link rel=\"canonical\" href=\"https:\/\/www.mobelmol.com\/es\/2025\/09\/25\/cabinas-fenolicas-espacios-alto-transito\/\" \/>\n<meta property=\"og:locale\" content=\"es_ES\" \/>\n<meta property=\"og:type\" content=\"article\" \/>\n<meta property=\"og:title\" content=\"Cabinas fen\u00f3licas: soluci\u00f3n para espacios de alto tr\u00e1nsito\" \/>\n<meta property=\"og:description\" content=\"Descubre por qu\u00e9 las cabinas fen\u00f3licas son ideales para vestuarios y ba\u00f1os de alto tr\u00e1nsito. Resistencia, higiene y dise\u00f1o profesional con Mobelmol.\" \/>\n<meta property=\"og:url\" content=\"https:\/\/www.mobelmol.com\/es\/2025\/09\/25\/cabinas-fenolicas-espacios-alto-transito\/\" \/>\n<meta property=\"og:site_name\" content=\"Mobelmol\" \/>\n<meta property=\"article:published_time\" content=\"2025-09-25T14:43:52+00:00\" \/>\n<meta property=\"article:modified_time\" content=\"2025-09-25T14:46:48+00:00\" \/>\n<meta property=\"og:image\" content=\"https:\/\/www.mobelmol.com\/wp-content\/uploads\/2021\/09\/Cabina-sanitaria-I25-B.jpg\" \/>\n\t<meta property=\"og:image:width\" content=\"750\" \/>\n\t<meta property=\"og:image:height\" content=\"755\" \/>\n<meta name=\"twitter:card\" content=\"summary_large_image\" \/>\n<meta name=\"twitter:label1\" content=\"Escrito por\" \/>\n\t<meta name=\"twitter:data1\" content=\"mobelmol\" \/>\n\t<meta name=\"twitter:label2\" content=\"Tiempo de lectura\" \/>\n\t<meta name=\"twitter:data2\" content=\"2 minutos\" \/>\n<script type=\"application\/ld+json\" class=\"yoast-schema-graph\">{\"@context\":\"https:\/\/schema.org\",\"@graph\":[{\"@type\":\"Organization\",\"@id\":\"https:\/\/www.mobelmol.com\/es\/#organization\",\"name\":\"Mobelmol\",\"url\":\"https:\/\/www.mobelmol.com\/es\/\",\"sameAs\":[],\"logo\":{\"@type\":\"ImageObject\",\"@id\":\"https:\/\/www.mobelmol.com\/es\/#logo\",\"inLanguage\":\"es\",\"url\":\"https:\/\/www.mobelmol.com\/wp-content\/uploads\/2021\/05\/lgo-mobelmol.svg\",\"contentUrl\":\"https:\/\/www.mobelmol.com\/wp-content\/uploads\/2021\/05\/lgo-mobelmol.svg\",\"width\":100,\"height\":100,\"caption\":\"Mobelmol\"},\"image\":{\"@id\":\"https:\/\/www.mobelmol.com\/es\/#logo\"}},{\"@type\":\"WebSite\",\"@id\":\"https:\/\/www.mobelmol.com\/es\/#website\",\"url\":\"https:\/\/www.mobelmol.com\/es\/\",\"name\":\"Mobelmol\",\"description\":\"Fabricaci\\u00f3n e instalaci\\u00f3n de equipamiento y mobiliario con panel compacto\",\"publisher\":{\"@id\":\"https:\/\/www.mobelmol.com\/es\/#organization\"},\"potentialAction\":[{\"@type\":\"SearchAction\",\"target\":{\"@type\":\"EntryPoint\",\"urlTemplate\":\"https:\/\/www.mobelmol.com\/es\/?s={search_term_string}\"},\"query-input\":\"required name=search_term_string\"}],\"inLanguage\":\"es\"},{\"@type\":\"ImageObject\",\"@id\":\"https:\/\/www.mobelmol.com\/es\/2025\/09\/25\/cabinas-fenolicas-espacios-alto-transito\/#primaryimage\",\"inLanguage\":\"es\",\"url\":\"https:\/\/www.mobelmol.com\/wp-content\/uploads\/2021\/09\/Cabina-sanitaria-I25-B.jpg\",\"contentUrl\":\"https:\/\/www.mobelmol.com\/wp-content\/uploads\/2021\/09\/Cabina-sanitaria-I25-B.jpg\",\"width\":750,\"height\":755,\"caption\":\"Cabinas sanitarias fen\\u00f3licas\"},{\"@type\":\"WebPage\",\"@id\":\"https:\/\/www.mobelmol.com\/es\/2025\/09\/25\/cabinas-fenolicas-espacios-alto-transito\/#webpage\",\"url\":\"https:\/\/www.mobelmol.com\/es\/2025\/09\/25\/cabinas-fenolicas-espacios-alto-transito\/\",\"name\":\"Cabinas fen\\u00f3licas: soluci\\u00f3n para espacios de alto tr\\u00e1nsito\",\"isPartOf\":{\"@id\":\"https:\/\/www.mobelmol.com\/es\/#website\"},\"primaryImageOfPage\":{\"@id\":\"https:\/\/www.mobelmol.com\/es\/2025\/09\/25\/cabinas-fenolicas-espacios-alto-transito\/#primaryimage\"},\"datePublished\":\"2025-09-25T14:43:52+00:00\",\"dateModified\":\"2025-09-25T14:46:48+00:00\",\"description\":\"Descubre por qu\\u00e9 las cabinas fen\\u00f3licas son ideales para vestuarios y ba\\u00f1os de alto tr\\u00e1nsito. Resistencia, higiene y dise\\u00f1o profesional con Mobelmol.\",\"breadcrumb\":{\"@id\":\"https:\/\/www.mobelmol.com\/es\/2025\/09\/25\/cabinas-fenolicas-espacios-alto-transito\/#breadcrumb\"},\"inLanguage\":\"es\",\"potentialAction\":[{\"@type\":\"ReadAction\",\"target\":[\"https:\/\/www.mobelmol.com\/es\/2025\/09\/25\/cabinas-fenolicas-espacios-alto-transito\/\"]}]},{\"@type\":\"BreadcrumbList\",\"@id\":\"https:\/\/www.mobelmol.com\/es\/2025\/09\/25\/cabinas-fenolicas-espacios-alto-transito\/#breadcrumb\",\"itemListElement\":[{\"@type\":\"ListItem\",\"position\":1,\"name\":\"Portada\",\"item\":\"https:\/\/www.mobelmol.com\/es\/\"},{\"@type\":\"ListItem\",\"position\":2,\"name\":\"Cabinas fen\\u00f3licas: soluciones inteligentes para espacios de alto tr\\u00e1nsito\"}]},{\"@type\":\"Article\",\"@id\":\"https:\/\/www.mobelmol.com\/es\/2025\/09\/25\/cabinas-fenolicas-espacios-alto-transito\/#article\",\"isPartOf\":{\"@id\":\"https:\/\/www.mobelmol.com\/es\/2025\/09\/25\/cabinas-fenolicas-espacios-alto-transito\/#webpage\"},\"author\":{\"@id\":\"https:\/\/www.mobelmol.com\/es\/#\/schema\/person\/565ae207c10648a08594927140077125\"},\"headline\":\"Cabinas fen\\u00f3licas: soluciones inteligentes para espacios de alto tr\\u00e1nsito\",\"datePublished\":\"2025-09-25T14:43:52+00:00\",\"dateModified\":\"2025-09-25T14:46:48+00:00\",\"mainEntityOfPage\":{\"@id\":\"https:\/\/www.mobelmol.com\/es\/2025\/09\/25\/cabinas-fenolicas-espacios-alto-transito\/#webpage\"},\"wordCount\":438,\"commentCount\":0,\"publisher\":{\"@id\":\"https:\/\/www.mobelmol.com\/es\/#organization\"},\"image\":{\"@id\":\"https:\/\/www.mobelmol.com\/es\/2025\/09\/25\/cabinas-fenolicas-espacios-alto-transito\/#primaryimage\"},\"thumbnailUrl\":\"https:\/\/www.mobelmol.com\/wp-content\/uploads\/2021\/09\/Cabina-sanitaria-I25-B.jpg\",\"articleSection\":[\"Cabinas fen\\u00f3licas\",\"Cabinas sanitarias\",\"Cabinas sanitarias vestuarios\",\"Cabinas sanitarias WC, ducha y cambio\"],\"inLanguage\":\"es\",\"potentialAction\":[{\"@type\":\"CommentAction\",\"name\":\"Comment\",\"target\":[\"https:\/\/www.mobelmol.com\/es\/2025\/09\/25\/cabinas-fenolicas-espacios-alto-transito\/#respond\"]}]},{\"@type\":\"Person\",\"@id\":\"https:\/\/www.mobelmol.com\/es\/#\/schema\/person\/565ae207c10648a08594927140077125\",\"name\":\"mobelmol\",\"image\":{\"@type\":\"ImageObject\",\"@id\":\"https:\/\/www.mobelmol.com\/es\/#personlogo\",\"inLanguage\":\"es\",\"url\":\"https:\/\/secure.gravatar.com\/avatar\/3d3d3967f2c155ccb5acdd1c49dadd15fbd63af600c1f741d7fa69c807bad1df?s=96&d=mm&r=g\",\"contentUrl\":\"https:\/\/secure.gravatar.com\/avatar\/3d3d3967f2c155ccb5acdd1c49dadd15fbd63af600c1f741d7fa69c807bad1df?s=96&d=mm&r=g\",\"caption\":\"mobelmol\"},\"url\":\"https:\/\/www.mobelmol.com\/es\/author\/mobelmol\/\"}]}<\/script>\n<!-- \/ Yoast SEO plugin. -->","yoast_head_json":{"title":"Cabinas fen\u00f3licas: soluci\u00f3n para espacios de alto tr\u00e1nsito","description":"Descubre por qu\u00e9 las cabinas fen\u00f3licas son ideales para vestuarios y ba\u00f1os de alto tr\u00e1nsito. Resistencia, higiene y dise\u00f1o profesional con Mobelmol.","robots":{"index":"index","follow":"follow","max-snippet":"max-snippet:-1","max-image-preview":"max-image-preview:large","max-video-preview":"max-video-preview:-1"},"canonical":"https:\/\/www.mobelmol.com\/es\/2025\/09\/25\/cabinas-fenolicas-espacios-alto-transito\/","og_locale":"es_ES","og_type":"article","og_title":"Cabinas fen\u00f3licas: soluci\u00f3n para espacios de alto tr\u00e1nsito","og_description":"Descubre por qu\u00e9 las cabinas fen\u00f3licas son ideales para vestuarios y ba\u00f1os de alto tr\u00e1nsito. Resistencia, higiene y dise\u00f1o profesional con Mobelmol.","og_url":"https:\/\/www.mobelmol.com\/es\/2025\/09\/25\/cabinas-fenolicas-espacios-alto-transito\/","og_site_name":"Mobelmol","article_published_time":"2025-09-25T14:43:52+00:00","article_modified_time":"2025-09-25T14:46:48+00:00","og_image":[{"width":750,"height":755,"url":"https:\/\/www.mobelmol.com\/wp-content\/uploads\/2021\/09\/Cabina-sanitaria-I25-B.jpg","type":"image\/jpeg"}],"twitter_card":"summary_large_image","twitter_misc":{"Escrito por":"mobelmol","Tiempo de lectura":"2 minutos"},"schema":{"@context":"https:\/\/schema.org","@graph":[{"@type":"Organization","@id":"https:\/\/www.mobelmol.com\/es\/#organization","name":"Mobelmol","url":"https:\/\/www.mobelmol.com\/es\/","sameAs":[],"logo":{"@type":"ImageObject","@id":"https:\/\/www.mobelmol.com\/es\/#logo","inLanguage":"es","url":"https:\/\/www.mobelmol.com\/wp-content\/uploads\/2021\/05\/lgo-mobelmol.svg","contentUrl":"https:\/\/www.mobelmol.com\/wp-content\/uploads\/2021\/05\/lgo-mobelmol.svg","width":100,"height":100,"caption":"Mobelmol"},"image":{"@id":"https:\/\/www.mobelmol.com\/es\/#logo"}},{"@type":"WebSite","@id":"https:\/\/www.mobelmol.com\/es\/#website","url":"https:\/\/www.mobelmol.com\/es\/","name":"Mobelmol","description":"Fabricaci\u00f3n e instalaci\u00f3n de equipamiento y mobiliario con panel compacto","publisher":{"@id":"https:\/\/www.mobelmol.com\/es\/#organization"},"potentialAction":[{"@type":"SearchAction","target":{"@type":"EntryPoint","urlTemplate":"https:\/\/www.mobelmol.com\/es\/?s={search_term_string}"},"query-input":"required name=search_term_string"}],"inLanguage":"es"},{"@type":"ImageObject","@id":"https:\/\/www.mobelmol.com\/es\/2025\/09\/25\/cabinas-fenolicas-espacios-alto-transito\/#primaryimage","inLanguage":"es","url":"https:\/\/www.mobelmol.com\/wp-content\/uploads\/2021\/09\/Cabina-sanitaria-I25-B.jpg","contentUrl":"https:\/\/www.mobelmol.com\/wp-content\/uploads\/2021\/09\/Cabina-sanitaria-I25-B.jpg","width":750,"height":755,"caption":"Cabinas sanitarias fen\u00f3licas"},{"@type":"WebPage","@id":"https:\/\/www.mobelmol.com\/es\/2025\/09\/25\/cabinas-fenolicas-espacios-alto-transito\/#webpage","url":"https:\/\/www.mobelmol.com\/es\/2025\/09\/25\/cabinas-fenolicas-espacios-alto-transito\/","name":"Cabinas fen\u00f3licas: soluci\u00f3n para espacios de alto tr\u00e1nsito","isPartOf":{"@id":"https:\/\/www.mobelmol.com\/es\/#website"},"primaryImageOfPage":{"@id":"https:\/\/www.mobelmol.com\/es\/2025\/09\/25\/cabinas-fenolicas-espacios-alto-transito\/#primaryimage"},"datePublished":"2025-09-25T14:43:52+00:00","dateModified":"2025-09-25T14:46:48+00:00","description":"Descubre por qu\u00e9 las cabinas fen\u00f3licas son ideales para vestuarios y ba\u00f1os de alto tr\u00e1nsito. Resistencia, higiene y dise\u00f1o profesional con Mobelmol.","breadcrumb":{"@id":"https:\/\/www.mobelmol.com\/es\/2025\/09\/25\/cabinas-fenolicas-espacios-alto-transito\/#breadcrumb"},"inLanguage":"es","potentialAction":[{"@type":"ReadAction","target":["https:\/\/www.mobelmol.com\/es\/2025\/09\/25\/cabinas-fenolicas-espacios-alto-transito\/"]}]},{"@type":"BreadcrumbList","@id":"https:\/\/www.mobelmol.com\/es\/2025\/09\/25\/cabinas-fenolicas-espacios-alto-transito\/#breadcrumb","itemListElement":[{"@type":"ListItem","position":1,"name":"Portada","item":"https:\/\/www.mobelmol.com\/es\/"},{"@type":"ListItem","position":2,"name":"Cabinas fen\u00f3licas: soluciones inteligentes para espacios de alto tr\u00e1nsito"}]},{"@type":"Article","@id":"https:\/\/www.mobelmol.com\/es\/2025\/09\/25\/cabinas-fenolicas-espacios-alto-transito\/#article","isPartOf":{"@id":"https:\/\/www.mobelmol.com\/es\/2025\/09\/25\/cabinas-fenolicas-espacios-alto-transito\/#webpage"},"author":{"@id":"https:\/\/www.mobelmol.com\/es\/#\/schema\/person\/565ae207c10648a08594927140077125"},"headline":"Cabinas fen\u00f3licas: soluciones inteligentes para espacios de alto tr\u00e1nsito","datePublished":"2025-09-25T14:43:52+00:00","dateModified":"2025-09-25T14:46:48+00:00","mainEntityOfPage":{"@id":"https:\/\/www.mobelmol.com\/es\/2025\/09\/25\/cabinas-fenolicas-espacios-alto-transito\/#webpage"},"wordCount":438,"commentCount":0,"publisher":{"@id":"https:\/\/www.mobelmol.com\/es\/#organization"},"image":{"@id":"https:\/\/www.mobelmol.com\/es\/2025\/09\/25\/cabinas-fenolicas-espacios-alto-transito\/#primaryimage"},"thumbnailUrl":"https:\/\/www.mobelmol.com\/wp-content\/uploads\/2021\/09\/Cabina-sanitaria-I25-B.jpg","articleSection":["Cabinas fen\u00f3licas","Cabinas sanitarias","Cabinas sanitarias vestuarios","Cabinas sanitarias WC, ducha y cambio"],"inLanguage":"es","potentialAction":[{"@type":"CommentAction","name":"Comment","target":["https:\/\/www.mobelmol.com\/es\/2025\/09\/25\/cabinas-fenolicas-espacios-alto-transito\/#respond"]}]},{"@type":"Person","@id":"https:\/\/www.mobelmol.com\/es\/#\/schema\/person\/565ae207c10648a08594927140077125","name":"mobelmol","image":{"@type":"ImageObject","@id":"https:\/\/www.mobelmol.com\/es\/#personlogo","inLanguage":"es","url":"https:\/\/secure.gravatar.com\/avatar\/3d3d3967f2c155ccb5acdd1c49dadd15fbd63af600c1f741d7fa69c807bad1df?s=96&d=mm&r=g","contentUrl":"https:\/\/secure.gravatar.com\/avatar\/3d3d3967f2c155ccb5acdd1c49dadd15fbd63af600c1f741d7fa69c807bad1df?s=96&d=mm&r=g","caption":"mobelmol"},"url":"https:\/\/www.mobelmol.com\/es\/author\/mobelmol\/"}]}},"_links":{"self":[{"href":"https:\/\/www.mobelmol.com\/es\/wp-json\/wp\/v2\/posts\/9283","targetHints":{"allow":["GET"]}}],"collection":[{"href":"https:\/\/www.mobelmol.com\/es\/wp-json\/wp\/v2\/posts"}],"about":[{"href":"https:\/\/www.mobelmol.com\/es\/wp-json\/wp\/v2\/types\/post"}],"author":[{"embeddable":true,"href":"https:\/\/www.mobelmol.com\/es\/wp-json\/wp\/v2\/users\/2"}],"replies":[{"embeddable":true,"href":"https:\/\/www.mobelmol.com\/es\/wp-json\/wp\/v2\/comments?post=9283"}],"version-history":[{"count":4,"href":"https:\/\/www.mobelmol.com\/es\/wp-json\/wp\/v2\/posts\/9283\/revisions"}],"predecessor-version":[{"id":9287,"href":"https:\/\/www.mobelmol.com\/es\/wp-json\/wp\/v2\/posts\/9283\/revisions\/9287"}],"wp:featuredmedia":[{"embeddable":true,"href":"https:\/\/www.mobelmol.com\/es\/wp-json\/wp\/v2\/media\/5683"}],"wp:attachment":[{"href":"https:\/\/www.mobelmol.com\/es\/wp-json\/wp\/v2\/media?parent=9283"}],"wp:term":[{"taxonomy":"category","embeddable":true,"href":"https:\/\/www.mobelmol.com\/es\/wp-json\/wp\/v2\/categories?post=9283"},{"taxonomy":"post_tag","embeddable":true,"href":"https:\/\/www.mobelmol.com\/es\/wp-json\/wp\/v2\/tags?post=9283"}],"curies":[{"name":"wp","href":"https:\/\/api.w.org\/{rel}","templated":true}]}}