{"id":9297,"date":"2025-08-27T07:46:38","date_gmt":"2025-08-27T07:46:38","guid":{"rendered":"https:\/\/www.mobelmol.com\/?p=9297"},"modified":"2025-09-26T07:53:38","modified_gmt":"2025-09-26T07:53:38","slug":"revestimiento-interiores-espacios-corporativos","status":"publish","type":"post","link":"https:\/\/www.mobelmol.com\/es\/2025\/08\/27\/revestimiento-interiores-espacios-corporativos\/","title":{"rendered":"Revestimiento de interiores: c\u00f3mo mejorar la est\u00e9tica y durabilidad de los espacios profesionales"},"content":{"rendered":"\n<p>En el dise\u00f1o de <strong>interiores corporativos<\/strong>, cada detalle comunica. Desde los colores de las paredes hasta los materiales empleados, todo forma parte de la experiencia que una empresa ofrece a empleados, clientes y visitantes. El <strong>revestimiento de interiores<\/strong> es una de las claves m\u00e1s potentes \u2014y a menudo subestimadas\u2014 para lograr espacios profesionales duraderos, funcionales y visualmente atractivos.<\/p>\n\n\n\n<h2 class=\"wp-block-heading\">\u00bfQu\u00e9 es el revestimiento de interiores?<\/h2>\n\n\n\n<p>El <strong>revestimiento de interiores<\/strong> consiste en aplicar materiales t\u00e9cnicos o decorativos sobre las superficies verticales (y en algunos casos, horizontales) para protegerlas, mejorar su durabilidad o transformar su est\u00e9tica. En entornos corporativos, no solo se trata de embellecer una pared: tambi\u00e9n se busca funcionalidad, higiene, resistencia al uso y coherencia con la imagen de marca.<\/p>\n\n\n\n<h2 class=\"wp-block-heading\">Beneficios del revestimiento en entornos profesionales<\/h2>\n\n\n\n<ol start=\"1\" class=\"wp-block-list\">\n<li><strong>Mayor resistencia y durabilidad<\/strong><br>Las paredes de oficinas, cl\u00ednicas, vestuarios o escuelas est\u00e1n expuestas a rozaduras, humedad y limpieza frecuente. El uso de revestimientos fen\u00f3licos o laminados t\u00e9cnicos permite mantener los acabados en perfecto estado durante a\u00f1os.<\/li>\n\n\n\n<li><strong>Est\u00e9tica corporativa cuidada<\/strong><br>El revestimiento permite trabajar con una amplia gama de colores, texturas y acabados, ideales para alinear el espacio con la identidad visual de la empresa. Esto es especialmente \u00fatil en recepciones, pasillos, salas de reuniones y zonas comunes.<\/li>\n\n\n\n<li><strong>Mantenimiento sencillo<\/strong><br>Los materiales compactos como el HPL (laminado de alta presi\u00f3n) ofrecen superficies lisas y no porosas, f\u00e1ciles de limpiar y altamente higi\u00e9nicas. Esto los hace especialmente recomendables para espacios sanitarios o de uso intensivo.<\/li>\n\n\n\n<li><strong>Aislamiento y confort<\/strong><br>Algunos sistemas de revestimiento tambi\u00e9n ofrecen propiedades ac\u00fasticas o t\u00e9rmicas, contribuyendo al bienestar del espacio sin necesidad de grandes reformas.<\/li>\n<\/ol>\n\n\n\n<h2 class=\"wp-block-heading\">Revestimientos ideales para interiores corporativos<\/h2>\n\n\n\n<p>Entre los materiales m\u00e1s utilizados para revestimientos interiores en entornos profesionales destacan:<\/p>\n\n\n\n<ul class=\"wp-block-list\">\n<li><strong>Paneles fen\u00f3licos<\/strong>: resistentes a impactos, humedad y productos de limpieza.<\/li>\n\n\n\n<li><strong>Revestimientos laminados HPL<\/strong>: variedad est\u00e9tica y alto rendimiento t\u00e9cnico.<\/li>\n\n\n\n<li><strong>Revestimientos vin\u00edlicos o modulares<\/strong>: vers\u00e1tiles y de instalaci\u00f3n r\u00e1pida.<\/li>\n<\/ul>\n\n\n\n<p>Todos ellos permiten soluciones a medida, tanto en oficinas modernas como en espacios industriales o institucionales.<\/p>\n\n\n\n<h2 class=\"wp-block-heading\">Proyectos de revestimiento interior con Mobelmol<\/h2>\n\n\n\n<p>En <a href=\"https:\/\/www.mobelmol.com\/es\/\">Mobelmol<\/a>, dise\u00f1amos y fabricamos soluciones t\u00e9cnicas para <strong>revestimiento de interiores corporativos<\/strong> y zonas de alto tr\u00e1nsito. Apostamos por materiales compactos, funcionales y personalizables que garantizan <strong>durabilidad, est\u00e9tica y eficiencia<\/strong> en el d\u00eda a d\u00eda.<\/p>\n\n\n\n<p>Nuestro enfoque a medida nos permite adaptarnos a las necesidades de cada empresa, creando espacios alineados con su identidad, seguros y f\u00e1ciles de mantener. Consulta nuestros <a href=\"https:\/\/www.mobelmol.com\/es\/proyectos-realizados\/proyectos-equipamiento-mobiliario-oficinas\/\">proyectos realizados en oficinas<\/a> para ver ejemplos reales de c\u00f3mo trabajamos el revestimiento.<\/p>\n\n\n\n<h3 class=\"wp-block-heading\">\u00bfNecesitas revestir tus espacios corporativos?<\/h3>\n\n\n\n<p>Si est\u00e1s pensando en crear o renovar los interiores de tu empresa con materiales duraderos, f\u00e1ciles de mantener y con un dise\u00f1o cuidado, en <strong>Mobelmol<\/strong> podemos ayudarte.<\/p>\n\n\n\n<p><a href=\"https:\/\/www.mobelmol.com\/es\/contacto-fenolico-construccion\/\">Contacta con nosotros<\/a> y cu\u00e9ntanos tu proyecto, te ofrecemos soluciones a medida adaptadas a tus necesidades.<\/p>\n","protected":false},"excerpt":{"rendered":"<p>En el dise\u00f1o de interiores corporativos, cada detalle comunica. Desde los colores de las paredes hasta los materiales empleados, todo forma parte de la experiencia que una empresa ofrece a empleados, clientes y visitantes. El revestimiento de interiores es una de las claves m\u00e1s potentes \u2014y a menudo subestimadas\u2014 para lograr espacios profesionales duraderos, funcionales&#8230;<\/p>\n","protected":false},"author":2,"featured_media":9076,"comment_status":"open","ping_status":"closed","sticky":false,"template":"","format":"standard","meta":{"footnotes":""},"categories":[486,488,490,489],"tags":[],"class_list":["post-9297","post","type-post","status-publish","format-standard","has-post-thumbnail","hentry","category-revestimiento-fenolico","category-revestimiento-interiores","category-revestimiento-paredes-interior-colegios","category-revestimiento-paredes-interior-hospitales"],"acf":[],"yoast_head":"<!-- This site is optimized with the Yoast SEO plugin v17.8 - https:\/\/yoast.com\/wordpress\/plugins\/seo\/ -->\n<title>Revestimiento de interiores para espacios corporativos duraderos<\/title>\n<meta name=\"description\" content=\"Descubre c\u00f3mo mejorar est\u00e9tica y durabilidad en interiores corporativos con revestimientos t\u00e9cnicos. Soluciones personalizadas y resistentes con Mobelmol.\" \/>\n<meta name=\"robots\" content=\"index, follow, max-snippet:-1, max-image-preview:large, max-video-preview:-1\" \/>\n<link rel=\"canonical\" href=\"https:\/\/www.mobelmol.com\/es\/2025\/08\/27\/revestimiento-interiores-espacios-corporativos\/\" \/>\n<meta property=\"og:locale\" content=\"es_ES\" \/>\n<meta property=\"og:type\" content=\"article\" \/>\n<meta property=\"og:title\" content=\"Revestimiento de interiores para espacios corporativos duraderos\" \/>\n<meta property=\"og:description\" content=\"Descubre c\u00f3mo mejorar est\u00e9tica y durabilidad en interiores corporativos con revestimientos t\u00e9cnicos. Soluciones personalizadas y resistentes con Mobelmol.\" \/>\n<meta property=\"og:url\" content=\"https:\/\/www.mobelmol.com\/es\/2025\/08\/27\/revestimiento-interiores-espacios-corporativos\/\" \/>\n<meta property=\"og:site_name\" content=\"Mobelmol\" \/>\n<meta property=\"article:published_time\" content=\"2025-08-27T07:46:38+00:00\" \/>\n<meta property=\"article:modified_time\" content=\"2025-09-26T07:53:38+00:00\" \/>\n<meta property=\"og:image\" content=\"https:\/\/www.mobelmol.com\/wp-content\/uploads\/2024\/07\/OFICINA_2.jpg\" \/>\n\t<meta property=\"og:image:width\" content=\"640\" \/>\n\t<meta property=\"og:image:height\" content=\"480\" \/>\n<meta name=\"twitter:card\" content=\"summary_large_image\" \/>\n<meta name=\"twitter:label1\" content=\"Escrito por\" \/>\n\t<meta name=\"twitter:data1\" content=\"mobelmol\" \/>\n\t<meta name=\"twitter:label2\" content=\"Tiempo de lectura\" \/>\n\t<meta name=\"twitter:data2\" content=\"2 minutos\" \/>\n<script type=\"application\/ld+json\" class=\"yoast-schema-graph\">{\"@context\":\"https:\/\/schema.org\",\"@graph\":[{\"@type\":\"Organization\",\"@id\":\"https:\/\/www.mobelmol.com\/es\/#organization\",\"name\":\"Mobelmol\",\"url\":\"https:\/\/www.mobelmol.com\/es\/\",\"sameAs\":[],\"logo\":{\"@type\":\"ImageObject\",\"@id\":\"https:\/\/www.mobelmol.com\/es\/#logo\",\"inLanguage\":\"es\",\"url\":\"https:\/\/www.mobelmol.com\/wp-content\/uploads\/2021\/05\/lgo-mobelmol.svg\",\"contentUrl\":\"https:\/\/www.mobelmol.com\/wp-content\/uploads\/2021\/05\/lgo-mobelmol.svg\",\"width\":100,\"height\":100,\"caption\":\"Mobelmol\"},\"image\":{\"@id\":\"https:\/\/www.mobelmol.com\/es\/#logo\"}},{\"@type\":\"WebSite\",\"@id\":\"https:\/\/www.mobelmol.com\/es\/#website\",\"url\":\"https:\/\/www.mobelmol.com\/es\/\",\"name\":\"Mobelmol\",\"description\":\"Fabricaci\\u00f3n e instalaci\\u00f3n de equipamiento y mobiliario con panel compacto\",\"publisher\":{\"@id\":\"https:\/\/www.mobelmol.com\/es\/#organization\"},\"potentialAction\":[{\"@type\":\"SearchAction\",\"target\":{\"@type\":\"EntryPoint\",\"urlTemplate\":\"https:\/\/www.mobelmol.com\/es\/?s={search_term_string}\"},\"query-input\":\"required name=search_term_string\"}],\"inLanguage\":\"es\"},{\"@type\":\"ImageObject\",\"@id\":\"https:\/\/www.mobelmol.com\/es\/2025\/08\/27\/revestimiento-interiores-espacios-corporativos\/#primaryimage\",\"inLanguage\":\"es\",\"url\":\"https:\/\/www.mobelmol.com\/wp-content\/uploads\/2024\/07\/OFICINA_2.jpg\",\"contentUrl\":\"https:\/\/www.mobelmol.com\/wp-content\/uploads\/2024\/07\/OFICINA_2.jpg\",\"width\":640,\"height\":480,\"caption\":\"revestimiento para oficinas\"},{\"@type\":\"WebPage\",\"@id\":\"https:\/\/www.mobelmol.com\/es\/2025\/08\/27\/revestimiento-interiores-espacios-corporativos\/#webpage\",\"url\":\"https:\/\/www.mobelmol.com\/es\/2025\/08\/27\/revestimiento-interiores-espacios-corporativos\/\",\"name\":\"Revestimiento de interiores para espacios corporativos duraderos\",\"isPartOf\":{\"@id\":\"https:\/\/www.mobelmol.com\/es\/#website\"},\"primaryImageOfPage\":{\"@id\":\"https:\/\/www.mobelmol.com\/es\/2025\/08\/27\/revestimiento-interiores-espacios-corporativos\/#primaryimage\"},\"datePublished\":\"2025-08-27T07:46:38+00:00\",\"dateModified\":\"2025-09-26T07:53:38+00:00\",\"description\":\"Descubre c\\u00f3mo mejorar est\\u00e9tica y durabilidad en interiores corporativos con revestimientos t\\u00e9cnicos. Soluciones personalizadas y resistentes con Mobelmol.\",\"breadcrumb\":{\"@id\":\"https:\/\/www.mobelmol.com\/es\/2025\/08\/27\/revestimiento-interiores-espacios-corporativos\/#breadcrumb\"},\"inLanguage\":\"es\",\"potentialAction\":[{\"@type\":\"ReadAction\",\"target\":[\"https:\/\/www.mobelmol.com\/es\/2025\/08\/27\/revestimiento-interiores-espacios-corporativos\/\"]}]},{\"@type\":\"BreadcrumbList\",\"@id\":\"https:\/\/www.mobelmol.com\/es\/2025\/08\/27\/revestimiento-interiores-espacios-corporativos\/#breadcrumb\",\"itemListElement\":[{\"@type\":\"ListItem\",\"position\":1,\"name\":\"Portada\",\"item\":\"https:\/\/www.mobelmol.com\/es\/\"},{\"@type\":\"ListItem\",\"position\":2,\"name\":\"Revestimiento de interiores: c\\u00f3mo mejorar la est\\u00e9tica y durabilidad de los espacios profesionales\"}]},{\"@type\":\"Article\",\"@id\":\"https:\/\/www.mobelmol.com\/es\/2025\/08\/27\/revestimiento-interiores-espacios-corporativos\/#article\",\"isPartOf\":{\"@id\":\"https:\/\/www.mobelmol.com\/es\/2025\/08\/27\/revestimiento-interiores-espacios-corporativos\/#webpage\"},\"author\":{\"@id\":\"https:\/\/www.mobelmol.com\/es\/#\/schema\/person\/565ae207c10648a08594927140077125\"},\"headline\":\"Revestimiento de interiores: c\\u00f3mo mejorar la est\\u00e9tica y durabilidad de los espacios profesionales\",\"datePublished\":\"2025-08-27T07:46:38+00:00\",\"dateModified\":\"2025-09-26T07:53:38+00:00\",\"mainEntityOfPage\":{\"@id\":\"https:\/\/www.mobelmol.com\/es\/2025\/08\/27\/revestimiento-interiores-espacios-corporativos\/#webpage\"},\"wordCount\":499,\"commentCount\":0,\"publisher\":{\"@id\":\"https:\/\/www.mobelmol.com\/es\/#organization\"},\"image\":{\"@id\":\"https:\/\/www.mobelmol.com\/es\/2025\/08\/27\/revestimiento-interiores-espacios-corporativos\/#primaryimage\"},\"thumbnailUrl\":\"https:\/\/www.mobelmol.com\/wp-content\/uploads\/2024\/07\/OFICINA_2.jpg\",\"articleSection\":[\"Revestimiento fen\\u00f3lico\",\"Revestimiento interiores\",\"Revestimiento paredes interior colegios\",\"Revestimiento paredes interior hospitales\"],\"inLanguage\":\"es\",\"potentialAction\":[{\"@type\":\"CommentAction\",\"name\":\"Comment\",\"target\":[\"https:\/\/www.mobelmol.com\/es\/2025\/08\/27\/revestimiento-interiores-espacios-corporativos\/#respond\"]}]},{\"@type\":\"Person\",\"@id\":\"https:\/\/www.mobelmol.com\/es\/#\/schema\/person\/565ae207c10648a08594927140077125\",\"name\":\"mobelmol\",\"image\":{\"@type\":\"ImageObject\",\"@id\":\"https:\/\/www.mobelmol.com\/es\/#personlogo\",\"inLanguage\":\"es\",\"url\":\"https:\/\/secure.gravatar.com\/avatar\/3d3d3967f2c155ccb5acdd1c49dadd15fbd63af600c1f741d7fa69c807bad1df?s=96&d=mm&r=g\",\"contentUrl\":\"https:\/\/secure.gravatar.com\/avatar\/3d3d3967f2c155ccb5acdd1c49dadd15fbd63af600c1f741d7fa69c807bad1df?s=96&d=mm&r=g\",\"caption\":\"mobelmol\"},\"url\":\"https:\/\/www.mobelmol.com\/es\/author\/mobelmol\/\"}]}<\/script>\n<!-- \/ Yoast SEO plugin. -->","yoast_head_json":{"title":"Revestimiento de interiores para espacios corporativos duraderos","description":"Descubre c\u00f3mo mejorar est\u00e9tica y durabilidad en interiores corporativos con revestimientos t\u00e9cnicos. Soluciones personalizadas y resistentes con Mobelmol.","robots":{"index":"index","follow":"follow","max-snippet":"max-snippet:-1","max-image-preview":"max-image-preview:large","max-video-preview":"max-video-preview:-1"},"canonical":"https:\/\/www.mobelmol.com\/es\/2025\/08\/27\/revestimiento-interiores-espacios-corporativos\/","og_locale":"es_ES","og_type":"article","og_title":"Revestimiento de interiores para espacios corporativos duraderos","og_description":"Descubre c\u00f3mo mejorar est\u00e9tica y durabilidad en interiores corporativos con revestimientos t\u00e9cnicos. Soluciones personalizadas y resistentes con Mobelmol.","og_url":"https:\/\/www.mobelmol.com\/es\/2025\/08\/27\/revestimiento-interiores-espacios-corporativos\/","og_site_name":"Mobelmol","article_published_time":"2025-08-27T07:46:38+00:00","article_modified_time":"2025-09-26T07:53:38+00:00","og_image":[{"width":640,"height":480,"url":"https:\/\/www.mobelmol.com\/wp-content\/uploads\/2024\/07\/OFICINA_2.jpg","type":"image\/jpeg"}],"twitter_card":"summary_large_image","twitter_misc":{"Escrito por":"mobelmol","Tiempo de lectura":"2 minutos"},"schema":{"@context":"https:\/\/schema.org","@graph":[{"@type":"Organization","@id":"https:\/\/www.mobelmol.com\/es\/#organization","name":"Mobelmol","url":"https:\/\/www.mobelmol.com\/es\/","sameAs":[],"logo":{"@type":"ImageObject","@id":"https:\/\/www.mobelmol.com\/es\/#logo","inLanguage":"es","url":"https:\/\/www.mobelmol.com\/wp-content\/uploads\/2021\/05\/lgo-mobelmol.svg","contentUrl":"https:\/\/www.mobelmol.com\/wp-content\/uploads\/2021\/05\/lgo-mobelmol.svg","width":100,"height":100,"caption":"Mobelmol"},"image":{"@id":"https:\/\/www.mobelmol.com\/es\/#logo"}},{"@type":"WebSite","@id":"https:\/\/www.mobelmol.com\/es\/#website","url":"https:\/\/www.mobelmol.com\/es\/","name":"Mobelmol","description":"Fabricaci\u00f3n e instalaci\u00f3n de equipamiento y mobiliario con panel compacto","publisher":{"@id":"https:\/\/www.mobelmol.com\/es\/#organization"},"potentialAction":[{"@type":"SearchAction","target":{"@type":"EntryPoint","urlTemplate":"https:\/\/www.mobelmol.com\/es\/?s={search_term_string}"},"query-input":"required name=search_term_string"}],"inLanguage":"es"},{"@type":"ImageObject","@id":"https:\/\/www.mobelmol.com\/es\/2025\/08\/27\/revestimiento-interiores-espacios-corporativos\/#primaryimage","inLanguage":"es","url":"https:\/\/www.mobelmol.com\/wp-content\/uploads\/2024\/07\/OFICINA_2.jpg","contentUrl":"https:\/\/www.mobelmol.com\/wp-content\/uploads\/2024\/07\/OFICINA_2.jpg","width":640,"height":480,"caption":"revestimiento para oficinas"},{"@type":"WebPage","@id":"https:\/\/www.mobelmol.com\/es\/2025\/08\/27\/revestimiento-interiores-espacios-corporativos\/#webpage","url":"https:\/\/www.mobelmol.com\/es\/2025\/08\/27\/revestimiento-interiores-espacios-corporativos\/","name":"Revestimiento de interiores para espacios corporativos duraderos","isPartOf":{"@id":"https:\/\/www.mobelmol.com\/es\/#website"},"primaryImageOfPage":{"@id":"https:\/\/www.mobelmol.com\/es\/2025\/08\/27\/revestimiento-interiores-espacios-corporativos\/#primaryimage"},"datePublished":"2025-08-27T07:46:38+00:00","dateModified":"2025-09-26T07:53:38+00:00","description":"Descubre c\u00f3mo mejorar est\u00e9tica y durabilidad en interiores corporativos con revestimientos t\u00e9cnicos. Soluciones personalizadas y resistentes con Mobelmol.","breadcrumb":{"@id":"https:\/\/www.mobelmol.com\/es\/2025\/08\/27\/revestimiento-interiores-espacios-corporativos\/#breadcrumb"},"inLanguage":"es","potentialAction":[{"@type":"ReadAction","target":["https:\/\/www.mobelmol.com\/es\/2025\/08\/27\/revestimiento-interiores-espacios-corporativos\/"]}]},{"@type":"BreadcrumbList","@id":"https:\/\/www.mobelmol.com\/es\/2025\/08\/27\/revestimiento-interiores-espacios-corporativos\/#breadcrumb","itemListElement":[{"@type":"ListItem","position":1,"name":"Portada","item":"https:\/\/www.mobelmol.com\/es\/"},{"@type":"ListItem","position":2,"name":"Revestimiento de interiores: c\u00f3mo mejorar la est\u00e9tica y durabilidad de los espacios profesionales"}]},{"@type":"Article","@id":"https:\/\/www.mobelmol.com\/es\/2025\/08\/27\/revestimiento-interiores-espacios-corporativos\/#article","isPartOf":{"@id":"https:\/\/www.mobelmol.com\/es\/2025\/08\/27\/revestimiento-interiores-espacios-corporativos\/#webpage"},"author":{"@id":"https:\/\/www.mobelmol.com\/es\/#\/schema\/person\/565ae207c10648a08594927140077125"},"headline":"Revestimiento de interiores: c\u00f3mo mejorar la est\u00e9tica y durabilidad de los espacios profesionales","datePublished":"2025-08-27T07:46:38+00:00","dateModified":"2025-09-26T07:53:38+00:00","mainEntityOfPage":{"@id":"https:\/\/www.mobelmol.com\/es\/2025\/08\/27\/revestimiento-interiores-espacios-corporativos\/#webpage"},"wordCount":499,"commentCount":0,"publisher":{"@id":"https:\/\/www.mobelmol.com\/es\/#organization"},"image":{"@id":"https:\/\/www.mobelmol.com\/es\/2025\/08\/27\/revestimiento-interiores-espacios-corporativos\/#primaryimage"},"thumbnailUrl":"https:\/\/www.mobelmol.com\/wp-content\/uploads\/2024\/07\/OFICINA_2.jpg","articleSection":["Revestimiento fen\u00f3lico","Revestimiento interiores","Revestimiento paredes interior colegios","Revestimiento paredes interior hospitales"],"inLanguage":"es","potentialAction":[{"@type":"CommentAction","name":"Comment","target":["https:\/\/www.mobelmol.com\/es\/2025\/08\/27\/revestimiento-interiores-espacios-corporativos\/#respond"]}]},{"@type":"Person","@id":"https:\/\/www.mobelmol.com\/es\/#\/schema\/person\/565ae207c10648a08594927140077125","name":"mobelmol","image":{"@type":"ImageObject","@id":"https:\/\/www.mobelmol.com\/es\/#personlogo","inLanguage":"es","url":"https:\/\/secure.gravatar.com\/avatar\/3d3d3967f2c155ccb5acdd1c49dadd15fbd63af600c1f741d7fa69c807bad1df?s=96&d=mm&r=g","contentUrl":"https:\/\/secure.gravatar.com\/avatar\/3d3d3967f2c155ccb5acdd1c49dadd15fbd63af600c1f741d7fa69c807bad1df?s=96&d=mm&r=g","caption":"mobelmol"},"url":"https:\/\/www.mobelmol.com\/es\/author\/mobelmol\/"}]}},"_links":{"self":[{"href":"https:\/\/www.mobelmol.com\/es\/wp-json\/wp\/v2\/posts\/9297","targetHints":{"allow":["GET"]}}],"collection":[{"href":"https:\/\/www.mobelmol.com\/es\/wp-json\/wp\/v2\/posts"}],"about":[{"href":"https:\/\/www.mobelmol.com\/es\/wp-json\/wp\/v2\/types\/post"}],"author":[{"embeddable":true,"href":"https:\/\/www.mobelmol.com\/es\/wp-json\/wp\/v2\/users\/2"}],"replies":[{"embeddable":true,"href":"https:\/\/www.mobelmol.com\/es\/wp-json\/wp\/v2\/comments?post=9297"}],"version-history":[{"count":1,"href":"https:\/\/www.mobelmol.com\/es\/wp-json\/wp\/v2\/posts\/9297\/revisions"}],"predecessor-version":[{"id":9298,"href":"https:\/\/www.mobelmol.com\/es\/wp-json\/wp\/v2\/posts\/9297\/revisions\/9298"}],"wp:featuredmedia":[{"embeddable":true,"href":"https:\/\/www.mobelmol.com\/es\/wp-json\/wp\/v2\/media\/9076"}],"wp:attachment":[{"href":"https:\/\/www.mobelmol.com\/es\/wp-json\/wp\/v2\/media?parent=9297"}],"wp:term":[{"taxonomy":"category","embeddable":true,"href":"https:\/\/www.mobelmol.com\/es\/wp-json\/wp\/v2\/categories?post=9297"},{"taxonomy":"post_tag","embeddable":true,"href":"https:\/\/www.mobelmol.com\/es\/wp-json\/wp\/v2\/tags?post=9297"}],"curies":[{"name":"wp","href":"https:\/\/api.w.org\/{rel}","templated":true}]}}