{"id":9309,"date":"2025-10-06T09:00:24","date_gmt":"2025-10-06T09:00:24","guid":{"rendered":"https:\/\/www.mobelmol.com\/?p=9309"},"modified":"2025-10-02T09:05:23","modified_gmt":"2025-10-02T09:05:23","slug":"mobelmol-equipa-mobiliario-fenolico-colegio-pineda","status":"publish","type":"post","link":"https:\/\/www.mobelmol.com\/es\/2025\/10\/06\/mobelmol-equipa-mobiliario-fenolico-colegio-pineda\/","title":{"rendered":"Mobelmol equipa con mobiliario fen\u00f3lico el Colegio Pineda en L\u2019Hospitalet"},"content":{"rendered":"\n<p>Los centros educativos requieren soluciones de mobiliario resistentes, higi\u00e9nicas y con un dise\u00f1o que se integre en los espacios. Este verano, Mobelmol ha participado en la remodelaci\u00f3n de una planta del <strong>Colegio Pineda en L\u2019Hospitalet de Llobregat (Barcelona)<\/strong>, fabricando e instalando <strong>puertas compact y revestimiento fen\u00f3lico en aulas, sala de actos y aseos<\/strong>.<\/p>\n\n\n\n<h2 class=\"wp-block-heading\">Puertas compact fen\u00f3licas en aulas y espacios comunes<\/h2>\n\n\n\n<p>Las <a href=\"https:\/\/www.mobelmol.com\/es\/familia\/puertas-fenolicas-a-medida-compact\/\"><strong>puertas compact fen\u00f3licas<\/strong><\/a> instaladas en el Colegio Pineda est\u00e1n dise\u00f1adas para soportar el uso intensivo propio de un centro escolar. Se fabricaron con doble placa HPL de 3 mm, bastidor perimetral macizo de 40&#215;40 mm y relleno interior de poliestireno expandido, lo que garantiza <strong>resistencia a impactos, humedad y un mantenimiento sencillo<\/strong>.<\/p>\n\n\n\n<p>Los batientes se han colocado sobre los premarcos quedando enrasados con el revestimiento del pasillo, sin guarnecidos exteriores, logrando una <strong>integraci\u00f3n est\u00e9tica y moderna<\/strong>.<\/p>\n\n\n<div class=\"wp-block-image\">\n<figure class=\"aligncenter size-full\"><img decoding=\"async\" src=\"data:image\/gif;base64,R0lGODlhAQABAIAAAAAAAP\/\/\/yH5BAEAAAAALAAAAAABAAEAAAIBRAA7\" data-src=\"https:\/\/www.mobelmol.com\/wp-content\/uploads\/2025\/10\/revestimiento-colegio-e1759395560962.jpg\" alt=\"revestimiento colegio\" class=\"wp-image-9315 lazyload\"\/><noscript><img decoding=\"async\" width=\"480\" height=\"609\" src=\"https:\/\/www.mobelmol.com\/wp-content\/uploads\/2025\/10\/revestimiento-colegio-e1759395560962.jpg\" alt=\"revestimiento colegio\" class=\"wp-image-9315 lazyload\" srcset=\"https:\/\/www.mobelmol.com\/wp-content\/uploads\/2025\/10\/revestimiento-colegio-e1759395560962.jpg 480w, https:\/\/www.mobelmol.com\/wp-content\/uploads\/2025\/10\/revestimiento-colegio-e1759395560962-236x300.jpg 236w\" sizes=\"(max-width: 480px) 100vw, 480px\" \/><\/noscript><\/figure>\n<\/div>\n\n\n<h2 class=\"wp-block-heading\">Revestimiento fen\u00f3lico en pasillos<\/h2>\n\n\n\n<p>Adem\u00e1s de las puertas, se <a href=\"https:\/\/www.mobelmol.com\/es\/familia\/revestimiento-pared-madera-fenolico\/\">instalaron revestimientos<\/a> de <strong>paneles fen\u00f3licos HPL de 6 mm<\/strong> en todos los pasillos, hasta la altura superior de las puertas, en un elegante acabado en madera clara.<\/p>\n\n\n\n<p>La instalaci\u00f3n se realiz\u00f3 sobre <strong>rastreles de 12 mm fijados mec\u00e1nicamente<\/strong> y con fijaci\u00f3n oculta mediante adhesivo monocomponente de poliuretano y cinta de doble cara. Para permitir las dilataciones, se dej\u00f3 una junta de 3 mm entre paneles.<\/p>\n\n\n\n<h2 class=\"wp-block-heading\">Herrajes de acero inoxidable: m\u00e1xima durabilidad<\/h2>\n\n\n\n<p>Todas las puertas del proyecto fueron equipadas con herrajes de acero inoxidable (manetas, cerraduras y pernios), un material resistente a la corrosi\u00f3n y especialmente indicado para espacios de uso intensivo como los colegios.<\/p>\n\n\n\n<h2 class=\"wp-block-heading\">Soluciones de mobiliario para centros educativos<\/h2>\n\n\n\n<p>Este proyecto en el Colegio Pineda refleja la capacidad de Mobelmol para ofrecer soluciones a medida en el sector educativo:<\/p>\n\n\n\n<ul class=\"wp-block-list\">\n<li>Resistencia y seguridad para un uso intensivo.<\/li>\n\n\n\n<li>Higiene y f\u00e1cil mantenimiento.<\/li>\n\n\n\n<li>Dise\u00f1o moderno e integrado en los espacios.<\/li>\n<\/ul>\n\n\n\n<p>Descubre todas nuestras <a href=\"https:\/\/www.mobelmol.com\/es\/proyectos-realizados\/puertas-mobiliario-centros-educativos\/\">soluciones en mobiliario fen\u00f3lico para centros educativos<\/a>.<\/p>\n\n\n\n<p>En Mobelmol desarrollamos mobiliario fen\u00f3lico a medida para colegios, universidades y centros educativos. Si quieres transformar tus instalaciones con soluciones resistentes y de dise\u00f1o, <a href=\"https:\/\/www.mobelmol.com\/es\/contacto-fenolico-construccion\/\">contacta con nuestro equipo<\/a> y te asesoraremos en tu proyecto.<\/p>\n\n\n<div class=\"wp-block-image\">\n<figure class=\"aligncenter size-full\"><img decoding=\"async\" src=\"data:image\/gif;base64,R0lGODlhAQABAIAAAAAAAP\/\/\/yH5BAEAAAAALAAAAAABAAEAAAIBRAA7\" data-src=\"https:\/\/www.mobelmol.com\/wp-content\/uploads\/2025\/10\/pineda-mobiliario-fenolico-e1759395538368.jpg\" alt=\"pineda mobiliario fenolico\" class=\"wp-image-9313 lazyload\"\/><noscript><img decoding=\"async\" width=\"480\" height=\"511\" src=\"https:\/\/www.mobelmol.com\/wp-content\/uploads\/2025\/10\/pineda-mobiliario-fenolico-e1759395538368.jpg\" alt=\"pineda mobiliario fenolico\" class=\"wp-image-9313 lazyload\" srcset=\"https:\/\/www.mobelmol.com\/wp-content\/uploads\/2025\/10\/pineda-mobiliario-fenolico-e1759395538368.jpg 480w, https:\/\/www.mobelmol.com\/wp-content\/uploads\/2025\/10\/pineda-mobiliario-fenolico-e1759395538368-282x300.jpg 282w\" sizes=\"(max-width: 480px) 100vw, 480px\" \/><\/noscript><\/figure>\n<\/div>","protected":false},"excerpt":{"rendered":"<p>Los centros educativos requieren soluciones de mobiliario resistentes, higi\u00e9nicas y con un dise\u00f1o que se integre en los espacios. Este verano, Mobelmol ha participado en la remodelaci\u00f3n de una planta del Colegio Pineda en L\u2019Hospitalet de Llobregat (Barcelona), fabricando e instalando puertas compact y revestimiento fen\u00f3lico en aulas, sala de actos y aseos. Puertas compact&#8230;<\/p>\n","protected":false},"author":2,"featured_media":9311,"comment_status":"open","ping_status":"closed","sticky":false,"template":"","format":"standard","meta":{"footnotes":""},"categories":[471,611,483,490],"tags":[],"class_list":["post-9309","post","type-post","status-publish","format-standard","has-post-thumbnail","hentry","category-fenolico-compacto","category-mobiliario-colegios","category-puertas-compacto-fenolico","category-revestimiento-paredes-interior-colegios"],"acf":[],"yoast_head":"<!-- This site is optimized with the Yoast SEO plugin v17.8 - https:\/\/yoast.com\/wordpress\/plugins\/seo\/ -->\n<title>Renovaci\u00f3n de mobiliario fen\u00f3lico en Colegio Pineda, L\u2019Hospitalet<\/title>\n<meta name=\"description\" content=\"Mobelmol ha fabricado e instalado puertas compact y revestimiento fen\u00f3lico en la remodelaci\u00f3n del Colegio Pineda (L\u2019Hospitalet, Barcelona).\" \/>\n<meta name=\"robots\" content=\"index, follow, max-snippet:-1, max-image-preview:large, max-video-preview:-1\" \/>\n<link rel=\"canonical\" href=\"https:\/\/www.mobelmol.com\/es\/2025\/10\/06\/mobelmol-equipa-mobiliario-fenolico-colegio-pineda\/\" \/>\n<meta property=\"og:locale\" content=\"es_ES\" \/>\n<meta property=\"og:type\" content=\"article\" \/>\n<meta property=\"og:title\" content=\"Renovaci\u00f3n de mobiliario fen\u00f3lico en Colegio Pineda, L\u2019Hospitalet\" \/>\n<meta property=\"og:description\" content=\"Mobelmol ha fabricado e instalado puertas compact y revestimiento fen\u00f3lico en la remodelaci\u00f3n del Colegio Pineda (L\u2019Hospitalet, Barcelona).\" \/>\n<meta property=\"og:url\" content=\"https:\/\/www.mobelmol.com\/es\/2025\/10\/06\/mobelmol-equipa-mobiliario-fenolico-colegio-pineda\/\" \/>\n<meta property=\"og:site_name\" content=\"Mobelmol\" \/>\n<meta property=\"article:published_time\" content=\"2025-10-06T09:00:24+00:00\" \/>\n<meta property=\"article:modified_time\" content=\"2025-10-02T09:05:23+00:00\" \/>\n<meta property=\"og:image\" content=\"https:\/\/www.mobelmol.com\/wp-content\/uploads\/2025\/10\/mobiliario-colegio-e1759395337543.jpg\" \/>\n\t<meta property=\"og:image:width\" content=\"471\" \/>\n\t<meta property=\"og:image:height\" content=\"471\" \/>\n<meta name=\"twitter:card\" content=\"summary_large_image\" \/>\n<meta name=\"twitter:label1\" content=\"Escrito por\" \/>\n\t<meta name=\"twitter:data1\" content=\"mobelmol\" \/>\n\t<meta name=\"twitter:label2\" content=\"Tiempo de lectura\" \/>\n\t<meta name=\"twitter:data2\" content=\"2 minutos\" \/>\n<script type=\"application\/ld+json\" class=\"yoast-schema-graph\">{\"@context\":\"https:\/\/schema.org\",\"@graph\":[{\"@type\":\"Organization\",\"@id\":\"https:\/\/www.mobelmol.com\/es\/#organization\",\"name\":\"Mobelmol\",\"url\":\"https:\/\/www.mobelmol.com\/es\/\",\"sameAs\":[],\"logo\":{\"@type\":\"ImageObject\",\"@id\":\"https:\/\/www.mobelmol.com\/es\/#logo\",\"inLanguage\":\"es\",\"url\":\"https:\/\/www.mobelmol.com\/wp-content\/uploads\/2021\/05\/lgo-mobelmol.svg\",\"contentUrl\":\"https:\/\/www.mobelmol.com\/wp-content\/uploads\/2021\/05\/lgo-mobelmol.svg\",\"width\":100,\"height\":100,\"caption\":\"Mobelmol\"},\"image\":{\"@id\":\"https:\/\/www.mobelmol.com\/es\/#logo\"}},{\"@type\":\"WebSite\",\"@id\":\"https:\/\/www.mobelmol.com\/es\/#website\",\"url\":\"https:\/\/www.mobelmol.com\/es\/\",\"name\":\"Mobelmol\",\"description\":\"Fabricaci\\u00f3n e instalaci\\u00f3n de equipamiento y mobiliario con panel compacto\",\"publisher\":{\"@id\":\"https:\/\/www.mobelmol.com\/es\/#organization\"},\"potentialAction\":[{\"@type\":\"SearchAction\",\"target\":{\"@type\":\"EntryPoint\",\"urlTemplate\":\"https:\/\/www.mobelmol.com\/es\/?s={search_term_string}\"},\"query-input\":\"required name=search_term_string\"}],\"inLanguage\":\"es\"},{\"@type\":\"ImageObject\",\"@id\":\"https:\/\/www.mobelmol.com\/es\/2025\/10\/06\/mobelmol-equipa-mobiliario-fenolico-colegio-pineda\/#primaryimage\",\"inLanguage\":\"es\",\"url\":\"https:\/\/www.mobelmol.com\/wp-content\/uploads\/2025\/10\/mobiliario-colegio-e1759395337543.jpg\",\"contentUrl\":\"https:\/\/www.mobelmol.com\/wp-content\/uploads\/2025\/10\/mobiliario-colegio-e1759395337543.jpg\",\"width\":471,\"height\":471,\"caption\":\"mobiliario colegio\"},{\"@type\":\"WebPage\",\"@id\":\"https:\/\/www.mobelmol.com\/es\/2025\/10\/06\/mobelmol-equipa-mobiliario-fenolico-colegio-pineda\/#webpage\",\"url\":\"https:\/\/www.mobelmol.com\/es\/2025\/10\/06\/mobelmol-equipa-mobiliario-fenolico-colegio-pineda\/\",\"name\":\"Renovaci\\u00f3n de mobiliario fen\\u00f3lico en Colegio Pineda, L\\u2019Hospitalet\",\"isPartOf\":{\"@id\":\"https:\/\/www.mobelmol.com\/es\/#website\"},\"primaryImageOfPage\":{\"@id\":\"https:\/\/www.mobelmol.com\/es\/2025\/10\/06\/mobelmol-equipa-mobiliario-fenolico-colegio-pineda\/#primaryimage\"},\"datePublished\":\"2025-10-06T09:00:24+00:00\",\"dateModified\":\"2025-10-02T09:05:23+00:00\",\"description\":\"Mobelmol ha fabricado e instalado puertas compact y revestimiento fen\\u00f3lico en la remodelaci\\u00f3n del Colegio Pineda (L\\u2019Hospitalet, Barcelona).\",\"breadcrumb\":{\"@id\":\"https:\/\/www.mobelmol.com\/es\/2025\/10\/06\/mobelmol-equipa-mobiliario-fenolico-colegio-pineda\/#breadcrumb\"},\"inLanguage\":\"es\",\"potentialAction\":[{\"@type\":\"ReadAction\",\"target\":[\"https:\/\/www.mobelmol.com\/es\/2025\/10\/06\/mobelmol-equipa-mobiliario-fenolico-colegio-pineda\/\"]}]},{\"@type\":\"BreadcrumbList\",\"@id\":\"https:\/\/www.mobelmol.com\/es\/2025\/10\/06\/mobelmol-equipa-mobiliario-fenolico-colegio-pineda\/#breadcrumb\",\"itemListElement\":[{\"@type\":\"ListItem\",\"position\":1,\"name\":\"Portada\",\"item\":\"https:\/\/www.mobelmol.com\/es\/\"},{\"@type\":\"ListItem\",\"position\":2,\"name\":\"Mobelmol equipa con mobiliario fen\\u00f3lico el Colegio Pineda en L\\u2019Hospitalet\"}]},{\"@type\":\"Article\",\"@id\":\"https:\/\/www.mobelmol.com\/es\/2025\/10\/06\/mobelmol-equipa-mobiliario-fenolico-colegio-pineda\/#article\",\"isPartOf\":{\"@id\":\"https:\/\/www.mobelmol.com\/es\/2025\/10\/06\/mobelmol-equipa-mobiliario-fenolico-colegio-pineda\/#webpage\"},\"author\":{\"@id\":\"https:\/\/www.mobelmol.com\/es\/#\/schema\/person\/565ae207c10648a08594927140077125\"},\"headline\":\"Mobelmol equipa con mobiliario fen\\u00f3lico el Colegio Pineda en L\\u2019Hospitalet\",\"datePublished\":\"2025-10-06T09:00:24+00:00\",\"dateModified\":\"2025-10-02T09:05:23+00:00\",\"mainEntityOfPage\":{\"@id\":\"https:\/\/www.mobelmol.com\/es\/2025\/10\/06\/mobelmol-equipa-mobiliario-fenolico-colegio-pineda\/#webpage\"},\"wordCount\":371,\"commentCount\":0,\"publisher\":{\"@id\":\"https:\/\/www.mobelmol.com\/es\/#organization\"},\"image\":{\"@id\":\"https:\/\/www.mobelmol.com\/es\/2025\/10\/06\/mobelmol-equipa-mobiliario-fenolico-colegio-pineda\/#primaryimage\"},\"thumbnailUrl\":\"https:\/\/www.mobelmol.com\/wp-content\/uploads\/2025\/10\/mobiliario-colegio-e1759395337543.jpg\",\"articleSection\":[\"Fen\\u00f3lico compacto\",\"Mobiliario colegios\",\"Puertas compacto fen\\u00f3lico\",\"Revestimiento paredes interior colegios\"],\"inLanguage\":\"es\",\"potentialAction\":[{\"@type\":\"CommentAction\",\"name\":\"Comment\",\"target\":[\"https:\/\/www.mobelmol.com\/es\/2025\/10\/06\/mobelmol-equipa-mobiliario-fenolico-colegio-pineda\/#respond\"]}]},{\"@type\":\"Person\",\"@id\":\"https:\/\/www.mobelmol.com\/es\/#\/schema\/person\/565ae207c10648a08594927140077125\",\"name\":\"mobelmol\",\"image\":{\"@type\":\"ImageObject\",\"@id\":\"https:\/\/www.mobelmol.com\/es\/#personlogo\",\"inLanguage\":\"es\",\"url\":\"https:\/\/secure.gravatar.com\/avatar\/3d3d3967f2c155ccb5acdd1c49dadd15fbd63af600c1f741d7fa69c807bad1df?s=96&d=mm&r=g\",\"contentUrl\":\"https:\/\/secure.gravatar.com\/avatar\/3d3d3967f2c155ccb5acdd1c49dadd15fbd63af600c1f741d7fa69c807bad1df?s=96&d=mm&r=g\",\"caption\":\"mobelmol\"},\"url\":\"https:\/\/www.mobelmol.com\/es\/author\/mobelmol\/\"}]}<\/script>\n<!-- \/ Yoast SEO plugin. -->","yoast_head_json":{"title":"Renovaci\u00f3n de mobiliario fen\u00f3lico en Colegio Pineda, L\u2019Hospitalet","description":"Mobelmol ha fabricado e instalado puertas compact y revestimiento fen\u00f3lico en la remodelaci\u00f3n del Colegio Pineda (L\u2019Hospitalet, Barcelona).","robots":{"index":"index","follow":"follow","max-snippet":"max-snippet:-1","max-image-preview":"max-image-preview:large","max-video-preview":"max-video-preview:-1"},"canonical":"https:\/\/www.mobelmol.com\/es\/2025\/10\/06\/mobelmol-equipa-mobiliario-fenolico-colegio-pineda\/","og_locale":"es_ES","og_type":"article","og_title":"Renovaci\u00f3n de mobiliario fen\u00f3lico en Colegio Pineda, L\u2019Hospitalet","og_description":"Mobelmol ha fabricado e instalado puertas compact y revestimiento fen\u00f3lico en la remodelaci\u00f3n del Colegio Pineda (L\u2019Hospitalet, Barcelona).","og_url":"https:\/\/www.mobelmol.com\/es\/2025\/10\/06\/mobelmol-equipa-mobiliario-fenolico-colegio-pineda\/","og_site_name":"Mobelmol","article_published_time":"2025-10-06T09:00:24+00:00","article_modified_time":"2025-10-02T09:05:23+00:00","og_image":[{"width":471,"height":471,"url":"https:\/\/www.mobelmol.com\/wp-content\/uploads\/2025\/10\/mobiliario-colegio-e1759395337543.jpg","type":"image\/jpeg"}],"twitter_card":"summary_large_image","twitter_misc":{"Escrito por":"mobelmol","Tiempo de lectura":"2 minutos"},"schema":{"@context":"https:\/\/schema.org","@graph":[{"@type":"Organization","@id":"https:\/\/www.mobelmol.com\/es\/#organization","name":"Mobelmol","url":"https:\/\/www.mobelmol.com\/es\/","sameAs":[],"logo":{"@type":"ImageObject","@id":"https:\/\/www.mobelmol.com\/es\/#logo","inLanguage":"es","url":"https:\/\/www.mobelmol.com\/wp-content\/uploads\/2021\/05\/lgo-mobelmol.svg","contentUrl":"https:\/\/www.mobelmol.com\/wp-content\/uploads\/2021\/05\/lgo-mobelmol.svg","width":100,"height":100,"caption":"Mobelmol"},"image":{"@id":"https:\/\/www.mobelmol.com\/es\/#logo"}},{"@type":"WebSite","@id":"https:\/\/www.mobelmol.com\/es\/#website","url":"https:\/\/www.mobelmol.com\/es\/","name":"Mobelmol","description":"Fabricaci\u00f3n e instalaci\u00f3n de equipamiento y mobiliario con panel compacto","publisher":{"@id":"https:\/\/www.mobelmol.com\/es\/#organization"},"potentialAction":[{"@type":"SearchAction","target":{"@type":"EntryPoint","urlTemplate":"https:\/\/www.mobelmol.com\/es\/?s={search_term_string}"},"query-input":"required name=search_term_string"}],"inLanguage":"es"},{"@type":"ImageObject","@id":"https:\/\/www.mobelmol.com\/es\/2025\/10\/06\/mobelmol-equipa-mobiliario-fenolico-colegio-pineda\/#primaryimage","inLanguage":"es","url":"https:\/\/www.mobelmol.com\/wp-content\/uploads\/2025\/10\/mobiliario-colegio-e1759395337543.jpg","contentUrl":"https:\/\/www.mobelmol.com\/wp-content\/uploads\/2025\/10\/mobiliario-colegio-e1759395337543.jpg","width":471,"height":471,"caption":"mobiliario colegio"},{"@type":"WebPage","@id":"https:\/\/www.mobelmol.com\/es\/2025\/10\/06\/mobelmol-equipa-mobiliario-fenolico-colegio-pineda\/#webpage","url":"https:\/\/www.mobelmol.com\/es\/2025\/10\/06\/mobelmol-equipa-mobiliario-fenolico-colegio-pineda\/","name":"Renovaci\u00f3n de mobiliario fen\u00f3lico en Colegio Pineda, L\u2019Hospitalet","isPartOf":{"@id":"https:\/\/www.mobelmol.com\/es\/#website"},"primaryImageOfPage":{"@id":"https:\/\/www.mobelmol.com\/es\/2025\/10\/06\/mobelmol-equipa-mobiliario-fenolico-colegio-pineda\/#primaryimage"},"datePublished":"2025-10-06T09:00:24+00:00","dateModified":"2025-10-02T09:05:23+00:00","description":"Mobelmol ha fabricado e instalado puertas compact y revestimiento fen\u00f3lico en la remodelaci\u00f3n del Colegio Pineda (L\u2019Hospitalet, Barcelona).","breadcrumb":{"@id":"https:\/\/www.mobelmol.com\/es\/2025\/10\/06\/mobelmol-equipa-mobiliario-fenolico-colegio-pineda\/#breadcrumb"},"inLanguage":"es","potentialAction":[{"@type":"ReadAction","target":["https:\/\/www.mobelmol.com\/es\/2025\/10\/06\/mobelmol-equipa-mobiliario-fenolico-colegio-pineda\/"]}]},{"@type":"BreadcrumbList","@id":"https:\/\/www.mobelmol.com\/es\/2025\/10\/06\/mobelmol-equipa-mobiliario-fenolico-colegio-pineda\/#breadcrumb","itemListElement":[{"@type":"ListItem","position":1,"name":"Portada","item":"https:\/\/www.mobelmol.com\/es\/"},{"@type":"ListItem","position":2,"name":"Mobelmol equipa con mobiliario fen\u00f3lico el Colegio Pineda en L\u2019Hospitalet"}]},{"@type":"Article","@id":"https:\/\/www.mobelmol.com\/es\/2025\/10\/06\/mobelmol-equipa-mobiliario-fenolico-colegio-pineda\/#article","isPartOf":{"@id":"https:\/\/www.mobelmol.com\/es\/2025\/10\/06\/mobelmol-equipa-mobiliario-fenolico-colegio-pineda\/#webpage"},"author":{"@id":"https:\/\/www.mobelmol.com\/es\/#\/schema\/person\/565ae207c10648a08594927140077125"},"headline":"Mobelmol equipa con mobiliario fen\u00f3lico el Colegio Pineda en L\u2019Hospitalet","datePublished":"2025-10-06T09:00:24+00:00","dateModified":"2025-10-02T09:05:23+00:00","mainEntityOfPage":{"@id":"https:\/\/www.mobelmol.com\/es\/2025\/10\/06\/mobelmol-equipa-mobiliario-fenolico-colegio-pineda\/#webpage"},"wordCount":371,"commentCount":0,"publisher":{"@id":"https:\/\/www.mobelmol.com\/es\/#organization"},"image":{"@id":"https:\/\/www.mobelmol.com\/es\/2025\/10\/06\/mobelmol-equipa-mobiliario-fenolico-colegio-pineda\/#primaryimage"},"thumbnailUrl":"https:\/\/www.mobelmol.com\/wp-content\/uploads\/2025\/10\/mobiliario-colegio-e1759395337543.jpg","articleSection":["Fen\u00f3lico compacto","Mobiliario colegios","Puertas compacto fen\u00f3lico","Revestimiento paredes interior colegios"],"inLanguage":"es","potentialAction":[{"@type":"CommentAction","name":"Comment","target":["https:\/\/www.mobelmol.com\/es\/2025\/10\/06\/mobelmol-equipa-mobiliario-fenolico-colegio-pineda\/#respond"]}]},{"@type":"Person","@id":"https:\/\/www.mobelmol.com\/es\/#\/schema\/person\/565ae207c10648a08594927140077125","name":"mobelmol","image":{"@type":"ImageObject","@id":"https:\/\/www.mobelmol.com\/es\/#personlogo","inLanguage":"es","url":"https:\/\/secure.gravatar.com\/avatar\/3d3d3967f2c155ccb5acdd1c49dadd15fbd63af600c1f741d7fa69c807bad1df?s=96&d=mm&r=g","contentUrl":"https:\/\/secure.gravatar.com\/avatar\/3d3d3967f2c155ccb5acdd1c49dadd15fbd63af600c1f741d7fa69c807bad1df?s=96&d=mm&r=g","caption":"mobelmol"},"url":"https:\/\/www.mobelmol.com\/es\/author\/mobelmol\/"}]}},"_links":{"self":[{"href":"https:\/\/www.mobelmol.com\/es\/wp-json\/wp\/v2\/posts\/9309","targetHints":{"allow":["GET"]}}],"collection":[{"href":"https:\/\/www.mobelmol.com\/es\/wp-json\/wp\/v2\/posts"}],"about":[{"href":"https:\/\/www.mobelmol.com\/es\/wp-json\/wp\/v2\/types\/post"}],"author":[{"embeddable":true,"href":"https:\/\/www.mobelmol.com\/es\/wp-json\/wp\/v2\/users\/2"}],"replies":[{"embeddable":true,"href":"https:\/\/www.mobelmol.com\/es\/wp-json\/wp\/v2\/comments?post=9309"}],"version-history":[{"count":2,"href":"https:\/\/www.mobelmol.com\/es\/wp-json\/wp\/v2\/posts\/9309\/revisions"}],"predecessor-version":[{"id":9317,"href":"https:\/\/www.mobelmol.com\/es\/wp-json\/wp\/v2\/posts\/9309\/revisions\/9317"}],"wp:featuredmedia":[{"embeddable":true,"href":"https:\/\/www.mobelmol.com\/es\/wp-json\/wp\/v2\/media\/9311"}],"wp:attachment":[{"href":"https:\/\/www.mobelmol.com\/es\/wp-json\/wp\/v2\/media?parent=9309"}],"wp:term":[{"taxonomy":"category","embeddable":true,"href":"https:\/\/www.mobelmol.com\/es\/wp-json\/wp\/v2\/categories?post=9309"},{"taxonomy":"post_tag","embeddable":true,"href":"https:\/\/www.mobelmol.com\/es\/wp-json\/wp\/v2\/tags?post=9309"}],"curies":[{"name":"wp","href":"https:\/\/api.w.org\/{rel}","templated":true}]}}