{"id":9321,"date":"2025-10-15T09:39:58","date_gmt":"2025-10-15T09:39:58","guid":{"rendered":"https:\/\/www.mobelmol.com\/?p=9321"},"modified":"2025-10-02T09:58:15","modified_gmt":"2025-10-02T09:58:15","slug":"revestimiento-fenolico-puertas-compact-urgencias-hospital-moises-broggi","status":"publish","type":"post","link":"https:\/\/www.mobelmol.com\/es\/2025\/10\/15\/revestimiento-fenolico-puertas-compact-urgencias-hospital-moises-broggi\/","title":{"rendered":"Revestimiento fen\u00f3lico y puertas compact en el \u00e1rea de urgencias del Hospital Mois\u00e8s Broggi"},"content":{"rendered":"\n<p>En Mobelmol seguimos consolidando nuestra experiencia en el <strong>equipamiento hospitalario<\/strong> con un nuevo proyecto en el \u00e1rea de <strong>urgencias del Hospital Mois\u00e8s Broggi de Sant Joan Desp\u00ed (Barcelona)<\/strong>. La intervenci\u00f3n se llev\u00f3 a cabo en dos fases para asegurar la continuidad del servicio sin afectar a su funcionamiento habitual.<\/p>\n\n\n\n<h2 class=\"wp-block-heading\">Revestimiento fen\u00f3lico en hospitales<\/h2>\n\n\n\n<p>Todas las paredes fueron revestidas con <strong>paneles fen\u00f3licos HPL<\/strong> de 6 mm de espesor, resistentes al fuego (clasificaci\u00f3n Bs1 d0), hasta una altura de 220 cm. Este tipo de <strong>revestimiento fen\u00f3lico<\/strong> es ideal para hospitales gracias a su <strong>resistencia, f\u00e1cil limpieza y durabilidad<\/strong>.<\/p>\n\n\n\n<p>La instalaci\u00f3n se realiz\u00f3 con adhesivo de poliuretano monocomponente y cinta adhesiva de doble cara sobre rastreles del mismo material, fijados mec\u00e1nicamente sobre pladur. Se dej\u00f3 una junta de dilataci\u00f3n de entre 2 y 3,5 mm seg\u00fan el ancho del panel, garantizando as\u00ed la estabilidad a largo plazo.<\/p>\n\n\n\n<p>Mobelmol, como expertos en el sector dispone de diversas <a href=\"https:\/\/www.mobelmol.com\/es\/familia\/revestimiento-pared-madera-fenolico\/\">soluciones de <strong>revestimiento fen\u00f3lico<\/strong><\/a>.<\/p>\n\n\n\n<h2 class=\"wp-block-heading\">Puertas compact de m\u00e1xima resistencia<\/h2>\n\n\n\n<p>En cuanto a las puertas, se fabricaron en <strong>compacto fen\u00f3lico HPL<\/strong>, con placas de 3 mm por cada cara y un bastidor perimetral de 40&#215;40 mm, relleno de poliestireno expandido.<br>Todos los <strong>herrajes de acero inoxidable AISI 316<\/strong> garantizan la m\u00e1xima resistencia y durabilidad, incluso en entornos exigentes como el hospitalario.<\/p>\n\n\n\n<p>Puedes consultar las <a href=\"https:\/\/www.mobelmol.com\/es\/familia\/puertas-fenolicas-a-medida-compact\/\">puertas compact disponibles<\/a> en el cat\u00e1logo Mobelmol.<\/p>\n\n\n\n<h2 class=\"wp-block-heading\">Marcos enrasados en acero inoxidable<\/h2>\n\n\n\n<p>Los <strong>marcos extensibles de acero inoxidable AISI 316<\/strong> se adaptaron al espesor de las paredes, coloc\u00e1ndose enrasados con la cara exterior del revestimiento para lograr una integraci\u00f3n est\u00e9tica y funcional.<\/p>\n\n\n\n<h2 class=\"wp-block-heading\">Mostradores personalizados para atenci\u00f3n al p\u00fablico y control de enfermer\u00eda<\/h2>\n\n\n\n<p>Adem\u00e1s del revestimiento y las puertas, Mobelmol fabric\u00f3 e instal\u00f3 <strong>tres mostradores a medida con laterales curvados<\/strong>, dise\u00f1ados para las zonas de <strong>atenci\u00f3n al p\u00fablico y control de enfermer\u00eda<\/strong>.<\/p>\n\n\n\n<p>Estos mostradores incorporan <strong>iluminaci\u00f3n LED enrasada en el frente<\/strong>, aportando un toque moderno y funcional que mejora la visibilidad y refuerza la imagen del hospital como un espacio innovador y accesible.<\/p>\n\n\n\n<h2 class=\"wp-block-heading\">Soluciones Mobelmol para hospitales<\/h2>\n\n\n\n<p>El proyecto en el Hospital Mois\u00e8s Broggi refleja el compromiso de Mobelmol con el <strong>mobiliario hospitalario<\/strong>:<\/p>\n\n\n\n<ul class=\"wp-block-list\">\n<li><strong>Higi\u00e9nico y f\u00e1cil de limpiar<\/strong>.<\/li>\n\n\n\n<li><strong>Alta resistencia al fuego, humedad y uso intensivo<\/strong>.<\/li>\n\n\n\n<li><strong>Dise\u00f1o a medida<\/strong> para adaptarse a las necesidades de cada instalaci\u00f3n.<\/li>\n<\/ul>\n\n\n\n<p>Descubre m\u00e1s proyectos de \u00e9xito sobre nuestras soluciones en <a href=\"https:\/\/www.mobelmol.com\/es\/noticias-material-fenolico-compacto-hpl\/\"><strong>mobiliario hospitalario fen\u00f3lico<\/strong><\/a>.<\/p>\n\n\n\n<p>En Mobelmol somos especialistas en <strong>mobiliario fen\u00f3lico para hospitales, cl\u00ednicas y centros sanitarios<\/strong>.<br>Si quieres m\u00e1s informaci\u00f3n sobre c\u00f3mo podemos ayudarte en tu proyecto, <a href=\"https:\/\/www.mobelmol.com\/es\/contacto-fenolico-construccion\/\"><strong>cont\u00e1ctanos<\/strong><\/a> y nuestro equipo t\u00e9cnico te asesorar\u00e1.<\/p>\n\n\n\n<figure class=\"wp-block-gallery has-nested-images columns-default is-cropped wp-block-gallery-1 is-layout-flex wp-block-gallery-is-layout-flex\">\n<figure class=\"wp-block-image size-large\"><img decoding=\"async\" data-id=\"9322\" src=\"data:image\/gif;base64,R0lGODlhAQABAIAAAAAAAP\/\/\/yH5BAEAAAAALAAAAAABAAEAAAIBRAA7\" data-src=\"https:\/\/www.mobelmol.com\/wp-content\/uploads\/2025\/10\/instalacion-puertas-compact-hospital.jpg\" alt=\"instalacion puertas compact hospital\" class=\"wp-image-9322 lazyload\"\/><noscript><img decoding=\"async\" width=\"1024\" height=\"461\" data-id=\"9322\" src=\"https:\/\/www.mobelmol.com\/wp-content\/uploads\/2025\/10\/instalacion-puertas-compact-hospital.jpg\" alt=\"instalacion puertas compact hospital\" class=\"wp-image-9322 lazyload\" srcset=\"https:\/\/www.mobelmol.com\/wp-content\/uploads\/2025\/10\/instalacion-puertas-compact-hospital.jpg 1024w, https:\/\/www.mobelmol.com\/wp-content\/uploads\/2025\/10\/instalacion-puertas-compact-hospital-300x135.jpg 300w, https:\/\/www.mobelmol.com\/wp-content\/uploads\/2025\/10\/instalacion-puertas-compact-hospital-768x346.jpg 768w, https:\/\/www.mobelmol.com\/wp-content\/uploads\/2025\/10\/instalacion-puertas-compact-hospital-600x270.jpg 600w\" sizes=\"(max-width: 1024px) 100vw, 1024px\" \/><\/noscript><\/figure>\n\n\n\n<figure class=\"wp-block-image size-large\"><img decoding=\"async\" data-id=\"9324\" src=\"data:image\/gif;base64,R0lGODlhAQABAIAAAAAAAP\/\/\/yH5BAEAAAAALAAAAAABAAEAAAIBRAA7\" data-src=\"https:\/\/www.mobelmol.com\/wp-content\/uploads\/2025\/10\/revestimiento-fenolico-hospital.jpg\" alt=\"revestimiento fenolico hospital\" class=\"wp-image-9324 lazyload\"\/><noscript><img decoding=\"async\" width=\"800\" height=\"360\" data-id=\"9324\" src=\"https:\/\/www.mobelmol.com\/wp-content\/uploads\/2025\/10\/revestimiento-fenolico-hospital.jpg\" alt=\"revestimiento fenolico hospital\" class=\"wp-image-9324 lazyload\" srcset=\"https:\/\/www.mobelmol.com\/wp-content\/uploads\/2025\/10\/revestimiento-fenolico-hospital.jpg 800w, https:\/\/www.mobelmol.com\/wp-content\/uploads\/2025\/10\/revestimiento-fenolico-hospital-300x135.jpg 300w, https:\/\/www.mobelmol.com\/wp-content\/uploads\/2025\/10\/revestimiento-fenolico-hospital-768x346.jpg 768w, https:\/\/www.mobelmol.com\/wp-content\/uploads\/2025\/10\/revestimiento-fenolico-hospital-600x270.jpg 600w\" sizes=\"(max-width: 800px) 100vw, 800px\" \/><\/noscript><\/figure>\n<\/figure>\n","protected":false},"excerpt":{"rendered":"<p>En Mobelmol seguimos consolidando nuestra experiencia en el equipamiento hospitalario con un nuevo proyecto en el \u00e1rea de urgencias del Hospital Mois\u00e8s Broggi de Sant Joan Desp\u00ed (Barcelona). La intervenci\u00f3n se llev\u00f3 a cabo en dos fases para asegurar la continuidad del servicio sin afectar a su funcionamiento habitual. Revestimiento fen\u00f3lico en hospitales Todas las&#8230;<\/p>\n","protected":false},"author":2,"featured_media":9326,"comment_status":"open","ping_status":"closed","sticky":false,"template":"","format":"standard","meta":{"footnotes":""},"categories":[476,482,486,489],"tags":[],"class_list":["post-9321","post","type-post","status-publish","format-standard","has-post-thumbnail","hentry","category-mobiliario-hospitalario","category-puertas-compact","category-revestimiento-fenolico","category-revestimiento-paredes-interior-hospitales"],"acf":[],"yoast_head":"<!-- This site is optimized with the Yoast SEO plugin v17.8 - https:\/\/yoast.com\/wordpress\/plugins\/seo\/ -->\n<title>Revestimiento fen\u00f3lico y puertas compact en Hospital Mois\u00e8s Broggi<\/title>\n<meta name=\"description\" content=\"Mobelmol ha equipado el \u00e1rea de urgencias Hospital Mois\u00e8s Broggi con revestimiento fen\u00f3lico y puertas compact, garantizando resistencia, higiene y seguridad.\" \/>\n<meta name=\"robots\" content=\"index, follow, max-snippet:-1, max-image-preview:large, max-video-preview:-1\" \/>\n<link rel=\"canonical\" href=\"https:\/\/www.mobelmol.com\/es\/2025\/10\/15\/revestimiento-fenolico-puertas-compact-urgencias-hospital-moises-broggi\/\" \/>\n<meta property=\"og:locale\" content=\"es_ES\" \/>\n<meta property=\"og:type\" content=\"article\" \/>\n<meta property=\"og:title\" content=\"Revestimiento fen\u00f3lico y puertas compact en Hospital Mois\u00e8s Broggi\" \/>\n<meta property=\"og:description\" content=\"Mobelmol ha equipado el \u00e1rea de urgencias Hospital Mois\u00e8s Broggi con revestimiento fen\u00f3lico y puertas compact, garantizando resistencia, higiene y seguridad.\" \/>\n<meta property=\"og:url\" content=\"https:\/\/www.mobelmol.com\/es\/2025\/10\/15\/revestimiento-fenolico-puertas-compact-urgencias-hospital-moises-broggi\/\" \/>\n<meta property=\"og:site_name\" content=\"Mobelmol\" \/>\n<meta property=\"article:published_time\" content=\"2025-10-15T09:39:58+00:00\" \/>\n<meta property=\"article:modified_time\" content=\"2025-10-02T09:58:15+00:00\" \/>\n<meta property=\"og:image\" content=\"https:\/\/www.mobelmol.com\/wp-content\/uploads\/2025\/10\/Revestimiento-fenolico.jpg\" \/>\n\t<meta property=\"og:image:width\" content=\"800\" \/>\n\t<meta property=\"og:image:height\" content=\"360\" \/>\n<meta name=\"twitter:card\" content=\"summary_large_image\" \/>\n<meta name=\"twitter:label1\" content=\"Escrito por\" \/>\n\t<meta name=\"twitter:data1\" content=\"mobelmol\" \/>\n\t<meta name=\"twitter:label2\" content=\"Tiempo de lectura\" \/>\n\t<meta name=\"twitter:data2\" content=\"2 minutos\" \/>\n<script type=\"application\/ld+json\" class=\"yoast-schema-graph\">{\"@context\":\"https:\/\/schema.org\",\"@graph\":[{\"@type\":\"Organization\",\"@id\":\"https:\/\/www.mobelmol.com\/es\/#organization\",\"name\":\"Mobelmol\",\"url\":\"https:\/\/www.mobelmol.com\/es\/\",\"sameAs\":[],\"logo\":{\"@type\":\"ImageObject\",\"@id\":\"https:\/\/www.mobelmol.com\/es\/#logo\",\"inLanguage\":\"es\",\"url\":\"https:\/\/www.mobelmol.com\/wp-content\/uploads\/2021\/05\/lgo-mobelmol.svg\",\"contentUrl\":\"https:\/\/www.mobelmol.com\/wp-content\/uploads\/2021\/05\/lgo-mobelmol.svg\",\"width\":100,\"height\":100,\"caption\":\"Mobelmol\"},\"image\":{\"@id\":\"https:\/\/www.mobelmol.com\/es\/#logo\"}},{\"@type\":\"WebSite\",\"@id\":\"https:\/\/www.mobelmol.com\/es\/#website\",\"url\":\"https:\/\/www.mobelmol.com\/es\/\",\"name\":\"Mobelmol\",\"description\":\"Fabricaci\\u00f3n e instalaci\\u00f3n de equipamiento y mobiliario con panel compacto\",\"publisher\":{\"@id\":\"https:\/\/www.mobelmol.com\/es\/#organization\"},\"potentialAction\":[{\"@type\":\"SearchAction\",\"target\":{\"@type\":\"EntryPoint\",\"urlTemplate\":\"https:\/\/www.mobelmol.com\/es\/?s={search_term_string}\"},\"query-input\":\"required name=search_term_string\"}],\"inLanguage\":\"es\"},{\"@type\":\"ImageObject\",\"@id\":\"https:\/\/www.mobelmol.com\/es\/2025\/10\/15\/revestimiento-fenolico-puertas-compact-urgencias-hospital-moises-broggi\/#primaryimage\",\"inLanguage\":\"es\",\"url\":\"https:\/\/www.mobelmol.com\/wp-content\/uploads\/2025\/10\/Revestimiento-fenolico.jpg\",\"contentUrl\":\"https:\/\/www.mobelmol.com\/wp-content\/uploads\/2025\/10\/Revestimiento-fenolico.jpg\",\"width\":800,\"height\":360,\"caption\":\"Revestimiento fen\\u00f3lico\"},{\"@type\":\"WebPage\",\"@id\":\"https:\/\/www.mobelmol.com\/es\/2025\/10\/15\/revestimiento-fenolico-puertas-compact-urgencias-hospital-moises-broggi\/#webpage\",\"url\":\"https:\/\/www.mobelmol.com\/es\/2025\/10\/15\/revestimiento-fenolico-puertas-compact-urgencias-hospital-moises-broggi\/\",\"name\":\"Revestimiento fen\\u00f3lico y puertas compact en Hospital Mois\\u00e8s Broggi\",\"isPartOf\":{\"@id\":\"https:\/\/www.mobelmol.com\/es\/#website\"},\"primaryImageOfPage\":{\"@id\":\"https:\/\/www.mobelmol.com\/es\/2025\/10\/15\/revestimiento-fenolico-puertas-compact-urgencias-hospital-moises-broggi\/#primaryimage\"},\"datePublished\":\"2025-10-15T09:39:58+00:00\",\"dateModified\":\"2025-10-02T09:58:15+00:00\",\"description\":\"Mobelmol ha equipado el \\u00e1rea de urgencias Hospital Mois\\u00e8s Broggi con revestimiento fen\\u00f3lico y puertas compact, garantizando resistencia, higiene y seguridad.\",\"breadcrumb\":{\"@id\":\"https:\/\/www.mobelmol.com\/es\/2025\/10\/15\/revestimiento-fenolico-puertas-compact-urgencias-hospital-moises-broggi\/#breadcrumb\"},\"inLanguage\":\"es\",\"potentialAction\":[{\"@type\":\"ReadAction\",\"target\":[\"https:\/\/www.mobelmol.com\/es\/2025\/10\/15\/revestimiento-fenolico-puertas-compact-urgencias-hospital-moises-broggi\/\"]}]},{\"@type\":\"BreadcrumbList\",\"@id\":\"https:\/\/www.mobelmol.com\/es\/2025\/10\/15\/revestimiento-fenolico-puertas-compact-urgencias-hospital-moises-broggi\/#breadcrumb\",\"itemListElement\":[{\"@type\":\"ListItem\",\"position\":1,\"name\":\"Portada\",\"item\":\"https:\/\/www.mobelmol.com\/es\/\"},{\"@type\":\"ListItem\",\"position\":2,\"name\":\"Revestimiento fen\\u00f3lico y puertas compact en el \\u00e1rea de urgencias del Hospital Mois\\u00e8s Broggi\"}]},{\"@type\":\"Article\",\"@id\":\"https:\/\/www.mobelmol.com\/es\/2025\/10\/15\/revestimiento-fenolico-puertas-compact-urgencias-hospital-moises-broggi\/#article\",\"isPartOf\":{\"@id\":\"https:\/\/www.mobelmol.com\/es\/2025\/10\/15\/revestimiento-fenolico-puertas-compact-urgencias-hospital-moises-broggi\/#webpage\"},\"author\":{\"@id\":\"https:\/\/www.mobelmol.com\/es\/#\/schema\/person\/565ae207c10648a08594927140077125\"},\"headline\":\"Revestimiento fen\\u00f3lico y puertas compact en el \\u00e1rea de urgencias del Hospital Mois\\u00e8s Broggi\",\"datePublished\":\"2025-10-15T09:39:58+00:00\",\"dateModified\":\"2025-10-02T09:58:15+00:00\",\"mainEntityOfPage\":{\"@id\":\"https:\/\/www.mobelmol.com\/es\/2025\/10\/15\/revestimiento-fenolico-puertas-compact-urgencias-hospital-moises-broggi\/#webpage\"},\"wordCount\":466,\"commentCount\":0,\"publisher\":{\"@id\":\"https:\/\/www.mobelmol.com\/es\/#organization\"},\"image\":{\"@id\":\"https:\/\/www.mobelmol.com\/es\/2025\/10\/15\/revestimiento-fenolico-puertas-compact-urgencias-hospital-moises-broggi\/#primaryimage\"},\"thumbnailUrl\":\"https:\/\/www.mobelmol.com\/wp-content\/uploads\/2025\/10\/Revestimiento-fenolico.jpg\",\"articleSection\":[\"Mobiliario hospitalario\",\"Puertas compact\",\"Revestimiento fen\\u00f3lico\",\"Revestimiento paredes interior hospitales\"],\"inLanguage\":\"es\",\"potentialAction\":[{\"@type\":\"CommentAction\",\"name\":\"Comment\",\"target\":[\"https:\/\/www.mobelmol.com\/es\/2025\/10\/15\/revestimiento-fenolico-puertas-compact-urgencias-hospital-moises-broggi\/#respond\"]}]},{\"@type\":\"Person\",\"@id\":\"https:\/\/www.mobelmol.com\/es\/#\/schema\/person\/565ae207c10648a08594927140077125\",\"name\":\"mobelmol\",\"image\":{\"@type\":\"ImageObject\",\"@id\":\"https:\/\/www.mobelmol.com\/es\/#personlogo\",\"inLanguage\":\"es\",\"url\":\"https:\/\/secure.gravatar.com\/avatar\/3d3d3967f2c155ccb5acdd1c49dadd15fbd63af600c1f741d7fa69c807bad1df?s=96&d=mm&r=g\",\"contentUrl\":\"https:\/\/secure.gravatar.com\/avatar\/3d3d3967f2c155ccb5acdd1c49dadd15fbd63af600c1f741d7fa69c807bad1df?s=96&d=mm&r=g\",\"caption\":\"mobelmol\"},\"url\":\"https:\/\/www.mobelmol.com\/es\/author\/mobelmol\/\"}]}<\/script>\n<!-- \/ Yoast SEO plugin. -->","yoast_head_json":{"title":"Revestimiento fen\u00f3lico y puertas compact en Hospital Mois\u00e8s Broggi","description":"Mobelmol ha equipado el \u00e1rea de urgencias Hospital Mois\u00e8s Broggi con revestimiento fen\u00f3lico y puertas compact, garantizando resistencia, higiene y seguridad.","robots":{"index":"index","follow":"follow","max-snippet":"max-snippet:-1","max-image-preview":"max-image-preview:large","max-video-preview":"max-video-preview:-1"},"canonical":"https:\/\/www.mobelmol.com\/es\/2025\/10\/15\/revestimiento-fenolico-puertas-compact-urgencias-hospital-moises-broggi\/","og_locale":"es_ES","og_type":"article","og_title":"Revestimiento fen\u00f3lico y puertas compact en Hospital Mois\u00e8s Broggi","og_description":"Mobelmol ha equipado el \u00e1rea de urgencias Hospital Mois\u00e8s Broggi con revestimiento fen\u00f3lico y puertas compact, garantizando resistencia, higiene y seguridad.","og_url":"https:\/\/www.mobelmol.com\/es\/2025\/10\/15\/revestimiento-fenolico-puertas-compact-urgencias-hospital-moises-broggi\/","og_site_name":"Mobelmol","article_published_time":"2025-10-15T09:39:58+00:00","article_modified_time":"2025-10-02T09:58:15+00:00","og_image":[{"width":800,"height":360,"url":"https:\/\/www.mobelmol.com\/wp-content\/uploads\/2025\/10\/Revestimiento-fenolico.jpg","type":"image\/jpeg"}],"twitter_card":"summary_large_image","twitter_misc":{"Escrito por":"mobelmol","Tiempo de lectura":"2 minutos"},"schema":{"@context":"https:\/\/schema.org","@graph":[{"@type":"Organization","@id":"https:\/\/www.mobelmol.com\/es\/#organization","name":"Mobelmol","url":"https:\/\/www.mobelmol.com\/es\/","sameAs":[],"logo":{"@type":"ImageObject","@id":"https:\/\/www.mobelmol.com\/es\/#logo","inLanguage":"es","url":"https:\/\/www.mobelmol.com\/wp-content\/uploads\/2021\/05\/lgo-mobelmol.svg","contentUrl":"https:\/\/www.mobelmol.com\/wp-content\/uploads\/2021\/05\/lgo-mobelmol.svg","width":100,"height":100,"caption":"Mobelmol"},"image":{"@id":"https:\/\/www.mobelmol.com\/es\/#logo"}},{"@type":"WebSite","@id":"https:\/\/www.mobelmol.com\/es\/#website","url":"https:\/\/www.mobelmol.com\/es\/","name":"Mobelmol","description":"Fabricaci\u00f3n e instalaci\u00f3n de equipamiento y mobiliario con panel compacto","publisher":{"@id":"https:\/\/www.mobelmol.com\/es\/#organization"},"potentialAction":[{"@type":"SearchAction","target":{"@type":"EntryPoint","urlTemplate":"https:\/\/www.mobelmol.com\/es\/?s={search_term_string}"},"query-input":"required name=search_term_string"}],"inLanguage":"es"},{"@type":"ImageObject","@id":"https:\/\/www.mobelmol.com\/es\/2025\/10\/15\/revestimiento-fenolico-puertas-compact-urgencias-hospital-moises-broggi\/#primaryimage","inLanguage":"es","url":"https:\/\/www.mobelmol.com\/wp-content\/uploads\/2025\/10\/Revestimiento-fenolico.jpg","contentUrl":"https:\/\/www.mobelmol.com\/wp-content\/uploads\/2025\/10\/Revestimiento-fenolico.jpg","width":800,"height":360,"caption":"Revestimiento fen\u00f3lico"},{"@type":"WebPage","@id":"https:\/\/www.mobelmol.com\/es\/2025\/10\/15\/revestimiento-fenolico-puertas-compact-urgencias-hospital-moises-broggi\/#webpage","url":"https:\/\/www.mobelmol.com\/es\/2025\/10\/15\/revestimiento-fenolico-puertas-compact-urgencias-hospital-moises-broggi\/","name":"Revestimiento fen\u00f3lico y puertas compact en Hospital Mois\u00e8s Broggi","isPartOf":{"@id":"https:\/\/www.mobelmol.com\/es\/#website"},"primaryImageOfPage":{"@id":"https:\/\/www.mobelmol.com\/es\/2025\/10\/15\/revestimiento-fenolico-puertas-compact-urgencias-hospital-moises-broggi\/#primaryimage"},"datePublished":"2025-10-15T09:39:58+00:00","dateModified":"2025-10-02T09:58:15+00:00","description":"Mobelmol ha equipado el \u00e1rea de urgencias Hospital Mois\u00e8s Broggi con revestimiento fen\u00f3lico y puertas compact, garantizando resistencia, higiene y seguridad.","breadcrumb":{"@id":"https:\/\/www.mobelmol.com\/es\/2025\/10\/15\/revestimiento-fenolico-puertas-compact-urgencias-hospital-moises-broggi\/#breadcrumb"},"inLanguage":"es","potentialAction":[{"@type":"ReadAction","target":["https:\/\/www.mobelmol.com\/es\/2025\/10\/15\/revestimiento-fenolico-puertas-compact-urgencias-hospital-moises-broggi\/"]}]},{"@type":"BreadcrumbList","@id":"https:\/\/www.mobelmol.com\/es\/2025\/10\/15\/revestimiento-fenolico-puertas-compact-urgencias-hospital-moises-broggi\/#breadcrumb","itemListElement":[{"@type":"ListItem","position":1,"name":"Portada","item":"https:\/\/www.mobelmol.com\/es\/"},{"@type":"ListItem","position":2,"name":"Revestimiento fen\u00f3lico y puertas compact en el \u00e1rea de urgencias del Hospital Mois\u00e8s Broggi"}]},{"@type":"Article","@id":"https:\/\/www.mobelmol.com\/es\/2025\/10\/15\/revestimiento-fenolico-puertas-compact-urgencias-hospital-moises-broggi\/#article","isPartOf":{"@id":"https:\/\/www.mobelmol.com\/es\/2025\/10\/15\/revestimiento-fenolico-puertas-compact-urgencias-hospital-moises-broggi\/#webpage"},"author":{"@id":"https:\/\/www.mobelmol.com\/es\/#\/schema\/person\/565ae207c10648a08594927140077125"},"headline":"Revestimiento fen\u00f3lico y puertas compact en el \u00e1rea de urgencias del Hospital Mois\u00e8s Broggi","datePublished":"2025-10-15T09:39:58+00:00","dateModified":"2025-10-02T09:58:15+00:00","mainEntityOfPage":{"@id":"https:\/\/www.mobelmol.com\/es\/2025\/10\/15\/revestimiento-fenolico-puertas-compact-urgencias-hospital-moises-broggi\/#webpage"},"wordCount":466,"commentCount":0,"publisher":{"@id":"https:\/\/www.mobelmol.com\/es\/#organization"},"image":{"@id":"https:\/\/www.mobelmol.com\/es\/2025\/10\/15\/revestimiento-fenolico-puertas-compact-urgencias-hospital-moises-broggi\/#primaryimage"},"thumbnailUrl":"https:\/\/www.mobelmol.com\/wp-content\/uploads\/2025\/10\/Revestimiento-fenolico.jpg","articleSection":["Mobiliario hospitalario","Puertas compact","Revestimiento fen\u00f3lico","Revestimiento paredes interior hospitales"],"inLanguage":"es","potentialAction":[{"@type":"CommentAction","name":"Comment","target":["https:\/\/www.mobelmol.com\/es\/2025\/10\/15\/revestimiento-fenolico-puertas-compact-urgencias-hospital-moises-broggi\/#respond"]}]},{"@type":"Person","@id":"https:\/\/www.mobelmol.com\/es\/#\/schema\/person\/565ae207c10648a08594927140077125","name":"mobelmol","image":{"@type":"ImageObject","@id":"https:\/\/www.mobelmol.com\/es\/#personlogo","inLanguage":"es","url":"https:\/\/secure.gravatar.com\/avatar\/3d3d3967f2c155ccb5acdd1c49dadd15fbd63af600c1f741d7fa69c807bad1df?s=96&d=mm&r=g","contentUrl":"https:\/\/secure.gravatar.com\/avatar\/3d3d3967f2c155ccb5acdd1c49dadd15fbd63af600c1f741d7fa69c807bad1df?s=96&d=mm&r=g","caption":"mobelmol"},"url":"https:\/\/www.mobelmol.com\/es\/author\/mobelmol\/"}]}},"_links":{"self":[{"href":"https:\/\/www.mobelmol.com\/es\/wp-json\/wp\/v2\/posts\/9321","targetHints":{"allow":["GET"]}}],"collection":[{"href":"https:\/\/www.mobelmol.com\/es\/wp-json\/wp\/v2\/posts"}],"about":[{"href":"https:\/\/www.mobelmol.com\/es\/wp-json\/wp\/v2\/types\/post"}],"author":[{"embeddable":true,"href":"https:\/\/www.mobelmol.com\/es\/wp-json\/wp\/v2\/users\/2"}],"replies":[{"embeddable":true,"href":"https:\/\/www.mobelmol.com\/es\/wp-json\/wp\/v2\/comments?post=9321"}],"version-history":[{"count":2,"href":"https:\/\/www.mobelmol.com\/es\/wp-json\/wp\/v2\/posts\/9321\/revisions"}],"predecessor-version":[{"id":9330,"href":"https:\/\/www.mobelmol.com\/es\/wp-json\/wp\/v2\/posts\/9321\/revisions\/9330"}],"wp:featuredmedia":[{"embeddable":true,"href":"https:\/\/www.mobelmol.com\/es\/wp-json\/wp\/v2\/media\/9326"}],"wp:attachment":[{"href":"https:\/\/www.mobelmol.com\/es\/wp-json\/wp\/v2\/media?parent=9321"}],"wp:term":[{"taxonomy":"category","embeddable":true,"href":"https:\/\/www.mobelmol.com\/es\/wp-json\/wp\/v2\/categories?post=9321"},{"taxonomy":"post_tag","embeddable":true,"href":"https:\/\/www.mobelmol.com\/es\/wp-json\/wp\/v2\/tags?post=9321"}],"curies":[{"name":"wp","href":"https:\/\/api.w.org\/{rel}","templated":true}]}}