{"id":9338,"date":"2025-11-03T10:28:38","date_gmt":"2025-11-03T10:28:38","guid":{"rendered":"https:\/\/www.mobelmol.com\/?p=9338"},"modified":"2025-10-31T10:45:09","modified_gmt":"2025-10-31T10:45:09","slug":"bancos-vestuario-diseno-funcional-medida-gimnasios-vestuarios","status":"publish","type":"post","link":"https:\/\/www.mobelmol.com\/es\/2025\/11\/03\/bancos-vestuario-diseno-funcional-medida-gimnasios-vestuarios\/","title":{"rendered":"Bancos de vestuario: dise\u00f1o funcional y a medida para gimnasios y vestuarios"},"content":{"rendered":"\n<p>El mobiliario en un vestuario no solo debe ser pr\u00e1ctico, tambi\u00e9n tiene que ser <strong>resistente, higi\u00e9nico y adaptado a las necesidades del espacio<\/strong>. Entre los elementos imprescindibles se encuentran los <strong>bancos de vestuario<\/strong>, una soluci\u00f3n que aporta comodidad y organizaci\u00f3n tanto en <strong>gimnasios<\/strong> como en vestuarios corporativos, educativos o industriales.<\/p>\n\n\n\n<p>En <strong>Mobelmol<\/strong>, <a href=\"https:\/\/www.mobelmol.com\/es\/familia\/perchas-bancos-de-vestuario\/\">dise\u00f1amos y fabricamos bancos de vestuario a medida<\/a>, pensados para ofrecer la m\u00e1xima durabilidad en entornos de alto tr\u00e1nsito.<\/p>\n\n\n\n<h2 class=\"wp-block-heading\">\u00bfPor qu\u00e9 elegir bancos de vestuario fen\u00f3licos hoy en d\u00eda?<\/h2>\n\n\n\n<p>Los <strong>bancos de vestuario<\/strong> fabricados en <strong>compacto fen\u00f3lico (HPL)<\/strong> ofrecen ventajas clave frente a otras soluciones:<\/p>\n\n\n\n<ul class=\"wp-block-list\">\n<li><strong>Resistencia a la humedad y al uso intensivo<\/strong>: no se deforman ni deterioran, incluso en ambientes h\u00famedos como gimnasios o piscinas.<\/li>\n\n\n\n<li><strong>Higiene garantizada<\/strong>: su superficie lisa y no porosa evita la acumulaci\u00f3n de bacterias y facilita la limpieza.<\/li>\n\n\n\n<li><strong>Dise\u00f1o adaptable<\/strong>: se fabrican en diferentes tama\u00f1os, colores y acabados, aline\u00e1ndose con la est\u00e9tica del vestuario.<\/li>\n\n\n\n<li><strong>Durabilidad<\/strong>: son una inversi\u00f3n a largo plazo gracias a su robustez y m\u00ednimo mantenimiento.<\/li>\n<\/ul>\n\n\n\n<h2 class=\"wp-block-heading\">Bancos para gimnasios: confort y practicidad<\/h2>\n\n\n\n<p>En los <strong>gimnasios<\/strong>, los bancos son un elemento fundamental para garantizar la <strong>comodidad de los usuarios<\/strong>. Permiten cambiarse con facilidad, dejar las pertenencias a mano y aprovechar mejor el espacio. Un buen dise\u00f1o debe tener en cuenta:<\/p>\n\n\n\n<ul class=\"wp-block-list\">\n<li>La distribuci\u00f3n del vestuario para optimizar la circulaci\u00f3n.<\/li>\n\n\n\n<li>La resistencia al uso continuado por decenas o cientos de usuarios al d\u00eda.<\/li>\n\n\n\n<li>La integraci\u00f3n con <strong>taquillas fen\u00f3licas<\/strong> y otros elementos del mobiliario.<\/li>\n<\/ul>\n\n\n\n<p>Los <strong>bancos de vestuario para gimnasios<\/strong> de Mobelmol se fabrican a medida, garantizando funcionalidad, durabilidad y est\u00e9tica en cada instalaci\u00f3n.<\/p>\n\n\n<div class=\"wp-block-image\">\n<figure class=\"aligncenter size-full is-resized\"><img decoding=\"async\" src=\"data:image\/gif;base64,R0lGODlhAQABAIAAAAAAAP\/\/\/yH5BAEAAAAALAAAAAABAAEAAAIBRAA7\" data-src=\"https:\/\/www.mobelmol.com\/wp-content\/uploads\/2025\/10\/Bancos-de-vestuario.jpg\" alt=\"Bancos de vestuario\" class=\"wp-image-9344 lazyload\" style=\"width:640px;height:auto\"\/><noscript><img decoding=\"async\" width=\"1016\" height=\"718\" src=\"https:\/\/www.mobelmol.com\/wp-content\/uploads\/2025\/10\/Bancos-de-vestuario.jpg\" alt=\"Bancos de vestuario\" class=\"wp-image-9344 lazyload\" style=\"width:640px;height:auto\" srcset=\"https:\/\/www.mobelmol.com\/wp-content\/uploads\/2025\/10\/Bancos-de-vestuario.jpg 1016w, https:\/\/www.mobelmol.com\/wp-content\/uploads\/2025\/10\/Bancos-de-vestuario-300x212.jpg 300w, https:\/\/www.mobelmol.com\/wp-content\/uploads\/2025\/10\/Bancos-de-vestuario-768x543.jpg 768w, https:\/\/www.mobelmol.com\/wp-content\/uploads\/2025\/10\/Bancos-de-vestuario-600x424.jpg 600w\" sizes=\"(max-width: 1016px) 100vw, 1016px\" \/><\/noscript><\/figure>\n<\/div>\n\n\n<h3 class=\"wp-block-heading\">Casos reales que respaldan la calidad Mobelmol<\/h3>\n\n\n\n<p>Mobelmol tiene una trayectoria probada en proyectos de alto impacto donde su mobiliario t\u00e9cnico y fen\u00f3lico ha desempe\u00f1ado un papel clave. Aqu\u00ed tres ejemplos:<\/p>\n\n\n\n<ul class=\"wp-block-list\">\n<li>En el <a href=\"https:\/\/www.mobelmol.com\/es\/2020\/11\/30\/el-mundo-del-deporte-tambien-confia-en-mobelmol\/\">proyecto de vestuario del <strong>F.C. Andorra<\/strong><\/a>, se fabricaron e instalaron taquillas resistentes, bancos y cabinas para vestuarios deportivos. La empresa fue elegida por su experiencia en entornos exigentes, donde las taquillas deb\u00edan ser pr\u00e1cticas, f\u00e1ciles de limpiar y est\u00e9ticamente adecuadas.<\/li>\n\n\n\n<li>En el <strong>Pabell<strong>\u00f3<\/strong>n Ricky Rubio de El Masnou<\/strong>, se colabor\u00f3 en la <a href=\"https:\/\/www.mobelmol.com\/es\/2024\/02\/13\/instalacion-taquillas-vestuarios-centros-deportivos\/\">construcci\u00f3n de sus vestuarios<\/a> fabricando e instalando taquillas tipo TF2 PL, cabinas de ducha y bancos, todos de color madera. Se utilizaron placas de resinas fen\u00f3licas HPL color madera y herrajes inox para garantizar durabilidad y est\u00e9tica en un espacio con miles de usuarios.<\/li>\n\n\n\n<li>En el <strong>edificio de la Polic\u00eda de Andorra<\/strong>, Mobelmol particip\u00f3 con mobiliario t\u00e9cnico fen\u00f3lico, suministrando gran cantidad de bancos con estructura de acero lacado de los modelos F2 y F3, evidenciando su versatilidad no solo en proyectos deportivos o corporativos sino tambi\u00e9n en entornos de edificios de servicios.<\/li>\n<\/ul>\n\n\n\n<h2 class=\"wp-block-heading\">Soluciones Mobelmol en bancos de vestuario<\/h2>\n\n\n\n<p>En <a href=\"https:\/\/www.mobelmol.com\/es\/\">Mobelmol<\/a>, desarrollamos <strong>bancos de vestuario<\/strong> y mobiliario t\u00e9cnico que responden a las exigencias de los espacios de alto tr\u00e1nsito. Nuestros bancos fen\u00f3licos est\u00e1n dise\u00f1ados para resistir humedad, impactos y limpieza frecuente, sin perder dise\u00f1o ni comodidad. Su estructura puede ser de lacado EPOXI al horno color negro o de acero INOX.<\/p>\n\n\n\n<p>Si est\u00e1s equipando un gimnasio, un vestuario corporativo o cualquier espacio colectivo, podemos ayudarte con soluciones personalizadas y adaptadas a tus necesidades.<\/p>\n\n\n\n<p><a href=\"https:\/\/www.mobelmol.com\/es\/contacto-fenolico-construccion\/\">Contacta con nosotros aqu\u00ed<\/a> y cu\u00e9ntanos tu proyecto.<\/p>\n\n\n<div class=\"wp-block-image\">\n<figure class=\"aligncenter size-large is-resized\"><img decoding=\"async\" src=\"data:image\/gif;base64,R0lGODlhAQABAIAAAAAAAP\/\/\/yH5BAEAAAAALAAAAAABAAEAAAIBRAA7\" data-src=\"https:\/\/www.mobelmol.com\/wp-content\/uploads\/2025\/10\/Bancos-de-vestuario-para-espacios-corporativos-1024x680.jpg\" alt=\"Bancos de vestuario para espacios corporativos\" class=\"wp-image-9340 lazyload\" style=\"width:626px;height:auto\"\/><noscript><img decoding=\"async\" width=\"1024\" height=\"680\" src=\"https:\/\/www.mobelmol.com\/wp-content\/uploads\/2025\/10\/Bancos-de-vestuario-para-espacios-corporativos-1024x680.jpg\" alt=\"Bancos de vestuario para espacios corporativos\" class=\"wp-image-9340 lazyload\" style=\"width:626px;height:auto\" srcset=\"https:\/\/www.mobelmol.com\/wp-content\/uploads\/2025\/10\/Bancos-de-vestuario-para-espacios-corporativos-1024x680.jpg 1024w, https:\/\/www.mobelmol.com\/wp-content\/uploads\/2025\/10\/Bancos-de-vestuario-para-espacios-corporativos-300x199.jpg 300w, https:\/\/www.mobelmol.com\/wp-content\/uploads\/2025\/10\/Bancos-de-vestuario-para-espacios-corporativos-768x510.jpg 768w, https:\/\/www.mobelmol.com\/wp-content\/uploads\/2025\/10\/Bancos-de-vestuario-para-espacios-corporativos-365x243.jpg 365w, https:\/\/www.mobelmol.com\/wp-content\/uploads\/2025\/10\/Bancos-de-vestuario-para-espacios-corporativos-600x399.jpg 600w, https:\/\/www.mobelmol.com\/wp-content\/uploads\/2025\/10\/Bancos-de-vestuario-para-espacios-corporativos.jpg 1072w\" sizes=\"(max-width: 1024px) 100vw, 1024px\" \/><\/noscript><\/figure>\n<\/div>","protected":false},"excerpt":{"rendered":"<p>El mobiliario en un vestuario no solo debe ser pr\u00e1ctico, tambi\u00e9n tiene que ser resistente, higi\u00e9nico y adaptado a las necesidades del espacio. Entre los elementos imprescindibles se encuentran los bancos de vestuario, una soluci\u00f3n que aporta comodidad y organizaci\u00f3n tanto en gimnasios como en vestuarios corporativos, educativos o industriales. En Mobelmol, dise\u00f1amos y fabricamos&#8230;<\/p>\n","protected":false},"author":1,"featured_media":9342,"comment_status":"open","ping_status":"closed","sticky":false,"template":"","format":"standard","meta":{"footnotes":""},"categories":[443,446,447,448],"tags":[],"class_list":["post-9338","post","type-post","status-publish","format-standard","has-post-thumbnail","hentry","category-bancos-fenolicos","category-bancos-gimnasios","category-bancos-para-vestuarios","category-bancos-y-perchas-vestuarios"],"acf":[],"yoast_head":"<!-- This site is optimized with the Yoast SEO plugin v17.8 - https:\/\/yoast.com\/wordpress\/plugins\/seo\/ -->\n<title>Bancos de vestuario para gimnasios y espacios corporativos | Mobelmol<\/title>\n<meta name=\"description\" content=\"Descubre los bancos de vestuario fen\u00f3licos: resistentes, higi\u00e9nicos y a medida. Ideales para gimnasios y vestuarios de alto tr\u00e1nsito.\" \/>\n<meta name=\"robots\" content=\"index, follow, max-snippet:-1, max-image-preview:large, max-video-preview:-1\" \/>\n<link rel=\"canonical\" href=\"https:\/\/www.mobelmol.com\/es\/2025\/11\/03\/bancos-vestuario-diseno-funcional-medida-gimnasios-vestuarios\/\" \/>\n<meta property=\"og:locale\" content=\"es_ES\" \/>\n<meta property=\"og:type\" content=\"article\" \/>\n<meta property=\"og:title\" content=\"Bancos de vestuario para gimnasios y espacios corporativos | Mobelmol\" \/>\n<meta property=\"og:description\" content=\"Descubre los bancos de vestuario fen\u00f3licos: resistentes, higi\u00e9nicos y a medida. Ideales para gimnasios y vestuarios de alto tr\u00e1nsito.\" \/>\n<meta property=\"og:url\" content=\"https:\/\/www.mobelmol.com\/es\/2025\/11\/03\/bancos-vestuario-diseno-funcional-medida-gimnasios-vestuarios\/\" \/>\n<meta property=\"og:site_name\" content=\"Mobelmol\" \/>\n<meta property=\"article:published_time\" content=\"2025-11-03T10:28:38+00:00\" \/>\n<meta property=\"article:modified_time\" content=\"2025-10-31T10:45:09+00:00\" \/>\n<meta property=\"og:image\" content=\"https:\/\/www.mobelmol.com\/wp-content\/uploads\/2025\/10\/Bancos-de-vestuario-para-gimnasios.jpg\" \/>\n\t<meta property=\"og:image:width\" content=\"1072\" \/>\n\t<meta property=\"og:image:height\" content=\"712\" \/>\n<meta name=\"twitter:card\" content=\"summary_large_image\" \/>\n<meta name=\"twitter:label1\" content=\"Escrito por\" \/>\n\t<meta name=\"twitter:data1\" content=\"admin\" \/>\n\t<meta name=\"twitter:label2\" content=\"Tiempo de lectura\" \/>\n\t<meta name=\"twitter:data2\" content=\"3 minutos\" \/>\n<script type=\"application\/ld+json\" class=\"yoast-schema-graph\">{\"@context\":\"https:\/\/schema.org\",\"@graph\":[{\"@type\":\"Organization\",\"@id\":\"https:\/\/www.mobelmol.com\/es\/#organization\",\"name\":\"Mobelmol\",\"url\":\"https:\/\/www.mobelmol.com\/es\/\",\"sameAs\":[],\"logo\":{\"@type\":\"ImageObject\",\"@id\":\"https:\/\/www.mobelmol.com\/es\/#logo\",\"inLanguage\":\"es\",\"url\":\"https:\/\/www.mobelmol.com\/wp-content\/uploads\/2021\/05\/lgo-mobelmol.svg\",\"contentUrl\":\"https:\/\/www.mobelmol.com\/wp-content\/uploads\/2021\/05\/lgo-mobelmol.svg\",\"width\":100,\"height\":100,\"caption\":\"Mobelmol\"},\"image\":{\"@id\":\"https:\/\/www.mobelmol.com\/es\/#logo\"}},{\"@type\":\"WebSite\",\"@id\":\"https:\/\/www.mobelmol.com\/es\/#website\",\"url\":\"https:\/\/www.mobelmol.com\/es\/\",\"name\":\"Mobelmol\",\"description\":\"Fabricaci\\u00f3n e instalaci\\u00f3n de equipamiento y mobiliario con panel compacto\",\"publisher\":{\"@id\":\"https:\/\/www.mobelmol.com\/es\/#organization\"},\"potentialAction\":[{\"@type\":\"SearchAction\",\"target\":{\"@type\":\"EntryPoint\",\"urlTemplate\":\"https:\/\/www.mobelmol.com\/es\/?s={search_term_string}\"},\"query-input\":\"required name=search_term_string\"}],\"inLanguage\":\"es\"},{\"@type\":\"ImageObject\",\"@id\":\"https:\/\/www.mobelmol.com\/es\/2025\/11\/03\/bancos-vestuario-diseno-funcional-medida-gimnasios-vestuarios\/#primaryimage\",\"inLanguage\":\"es\",\"url\":\"https:\/\/www.mobelmol.com\/wp-content\/uploads\/2025\/10\/Bancos-de-vestuario-para-gimnasios.jpg\",\"contentUrl\":\"https:\/\/www.mobelmol.com\/wp-content\/uploads\/2025\/10\/Bancos-de-vestuario-para-gimnasios.jpg\",\"width\":1072,\"height\":712,\"caption\":\"Bancos de vestuario para gimnasios\"},{\"@type\":\"WebPage\",\"@id\":\"https:\/\/www.mobelmol.com\/es\/2025\/11\/03\/bancos-vestuario-diseno-funcional-medida-gimnasios-vestuarios\/#webpage\",\"url\":\"https:\/\/www.mobelmol.com\/es\/2025\/11\/03\/bancos-vestuario-diseno-funcional-medida-gimnasios-vestuarios\/\",\"name\":\"Bancos de vestuario para gimnasios y espacios corporativos | Mobelmol\",\"isPartOf\":{\"@id\":\"https:\/\/www.mobelmol.com\/es\/#website\"},\"primaryImageOfPage\":{\"@id\":\"https:\/\/www.mobelmol.com\/es\/2025\/11\/03\/bancos-vestuario-diseno-funcional-medida-gimnasios-vestuarios\/#primaryimage\"},\"datePublished\":\"2025-11-03T10:28:38+00:00\",\"dateModified\":\"2025-10-31T10:45:09+00:00\",\"description\":\"Descubre los bancos de vestuario fen\\u00f3licos: resistentes, higi\\u00e9nicos y a medida. Ideales para gimnasios y vestuarios de alto tr\\u00e1nsito.\",\"breadcrumb\":{\"@id\":\"https:\/\/www.mobelmol.com\/es\/2025\/11\/03\/bancos-vestuario-diseno-funcional-medida-gimnasios-vestuarios\/#breadcrumb\"},\"inLanguage\":\"es\",\"potentialAction\":[{\"@type\":\"ReadAction\",\"target\":[\"https:\/\/www.mobelmol.com\/es\/2025\/11\/03\/bancos-vestuario-diseno-funcional-medida-gimnasios-vestuarios\/\"]}]},{\"@type\":\"BreadcrumbList\",\"@id\":\"https:\/\/www.mobelmol.com\/es\/2025\/11\/03\/bancos-vestuario-diseno-funcional-medida-gimnasios-vestuarios\/#breadcrumb\",\"itemListElement\":[{\"@type\":\"ListItem\",\"position\":1,\"name\":\"Portada\",\"item\":\"https:\/\/www.mobelmol.com\/es\/\"},{\"@type\":\"ListItem\",\"position\":2,\"name\":\"Bancos de vestuario: dise\\u00f1o funcional y a medida para gimnasios y vestuarios\"}]},{\"@type\":\"Article\",\"@id\":\"https:\/\/www.mobelmol.com\/es\/2025\/11\/03\/bancos-vestuario-diseno-funcional-medida-gimnasios-vestuarios\/#article\",\"isPartOf\":{\"@id\":\"https:\/\/www.mobelmol.com\/es\/2025\/11\/03\/bancos-vestuario-diseno-funcional-medida-gimnasios-vestuarios\/#webpage\"},\"author\":{\"@id\":\"https:\/\/www.mobelmol.com\/es\/#\/schema\/person\/6ef58f30bb6faf6105be0e48a4e0be28\"},\"headline\":\"Bancos de vestuario: dise\\u00f1o funcional y a medida para gimnasios y vestuarios\",\"datePublished\":\"2025-11-03T10:28:38+00:00\",\"dateModified\":\"2025-10-31T10:45:09+00:00\",\"mainEntityOfPage\":{\"@id\":\"https:\/\/www.mobelmol.com\/es\/2025\/11\/03\/bancos-vestuario-diseno-funcional-medida-gimnasios-vestuarios\/#webpage\"},\"wordCount\":588,\"commentCount\":0,\"publisher\":{\"@id\":\"https:\/\/www.mobelmol.com\/es\/#organization\"},\"image\":{\"@id\":\"https:\/\/www.mobelmol.com\/es\/2025\/11\/03\/bancos-vestuario-diseno-funcional-medida-gimnasios-vestuarios\/#primaryimage\"},\"thumbnailUrl\":\"https:\/\/www.mobelmol.com\/wp-content\/uploads\/2025\/10\/Bancos-de-vestuario-para-gimnasios.jpg\",\"articleSection\":[\"Bancos fen\\u00f3licos\",\"Bancos gimnasios\",\"Bancos para vestuarios\",\"Bancos y perchas vestuarios\"],\"inLanguage\":\"es\",\"potentialAction\":[{\"@type\":\"CommentAction\",\"name\":\"Comment\",\"target\":[\"https:\/\/www.mobelmol.com\/es\/2025\/11\/03\/bancos-vestuario-diseno-funcional-medida-gimnasios-vestuarios\/#respond\"]}]},{\"@type\":\"Person\",\"@id\":\"https:\/\/www.mobelmol.com\/es\/#\/schema\/person\/6ef58f30bb6faf6105be0e48a4e0be28\",\"name\":\"admin\",\"image\":{\"@type\":\"ImageObject\",\"@id\":\"https:\/\/www.mobelmol.com\/es\/#personlogo\",\"inLanguage\":\"es\",\"url\":\"https:\/\/secure.gravatar.com\/avatar\/0c7509c85c836ff68bc43efa415976254ed1463e7bbc3edf38a658092e29e5b4?s=96&d=mm&r=g\",\"contentUrl\":\"https:\/\/secure.gravatar.com\/avatar\/0c7509c85c836ff68bc43efa415976254ed1463e7bbc3edf38a658092e29e5b4?s=96&d=mm&r=g\",\"caption\":\"admin\"},\"sameAs\":[\"https:\/\/www.mobelmol.com\"],\"url\":\"https:\/\/www.mobelmol.com\/es\/author\/jordi\/\"}]}<\/script>\n<!-- \/ Yoast SEO plugin. -->","yoast_head_json":{"title":"Bancos de vestuario para gimnasios y espacios corporativos | Mobelmol","description":"Descubre los bancos de vestuario fen\u00f3licos: resistentes, higi\u00e9nicos y a medida. Ideales para gimnasios y vestuarios de alto tr\u00e1nsito.","robots":{"index":"index","follow":"follow","max-snippet":"max-snippet:-1","max-image-preview":"max-image-preview:large","max-video-preview":"max-video-preview:-1"},"canonical":"https:\/\/www.mobelmol.com\/es\/2025\/11\/03\/bancos-vestuario-diseno-funcional-medida-gimnasios-vestuarios\/","og_locale":"es_ES","og_type":"article","og_title":"Bancos de vestuario para gimnasios y espacios corporativos | Mobelmol","og_description":"Descubre los bancos de vestuario fen\u00f3licos: resistentes, higi\u00e9nicos y a medida. Ideales para gimnasios y vestuarios de alto tr\u00e1nsito.","og_url":"https:\/\/www.mobelmol.com\/es\/2025\/11\/03\/bancos-vestuario-diseno-funcional-medida-gimnasios-vestuarios\/","og_site_name":"Mobelmol","article_published_time":"2025-11-03T10:28:38+00:00","article_modified_time":"2025-10-31T10:45:09+00:00","og_image":[{"width":1072,"height":712,"url":"https:\/\/www.mobelmol.com\/wp-content\/uploads\/2025\/10\/Bancos-de-vestuario-para-gimnasios.jpg","type":"image\/jpeg"}],"twitter_card":"summary_large_image","twitter_misc":{"Escrito por":"admin","Tiempo de lectura":"3 minutos"},"schema":{"@context":"https:\/\/schema.org","@graph":[{"@type":"Organization","@id":"https:\/\/www.mobelmol.com\/es\/#organization","name":"Mobelmol","url":"https:\/\/www.mobelmol.com\/es\/","sameAs":[],"logo":{"@type":"ImageObject","@id":"https:\/\/www.mobelmol.com\/es\/#logo","inLanguage":"es","url":"https:\/\/www.mobelmol.com\/wp-content\/uploads\/2021\/05\/lgo-mobelmol.svg","contentUrl":"https:\/\/www.mobelmol.com\/wp-content\/uploads\/2021\/05\/lgo-mobelmol.svg","width":100,"height":100,"caption":"Mobelmol"},"image":{"@id":"https:\/\/www.mobelmol.com\/es\/#logo"}},{"@type":"WebSite","@id":"https:\/\/www.mobelmol.com\/es\/#website","url":"https:\/\/www.mobelmol.com\/es\/","name":"Mobelmol","description":"Fabricaci\u00f3n e instalaci\u00f3n de equipamiento y mobiliario con panel compacto","publisher":{"@id":"https:\/\/www.mobelmol.com\/es\/#organization"},"potentialAction":[{"@type":"SearchAction","target":{"@type":"EntryPoint","urlTemplate":"https:\/\/www.mobelmol.com\/es\/?s={search_term_string}"},"query-input":"required name=search_term_string"}],"inLanguage":"es"},{"@type":"ImageObject","@id":"https:\/\/www.mobelmol.com\/es\/2025\/11\/03\/bancos-vestuario-diseno-funcional-medida-gimnasios-vestuarios\/#primaryimage","inLanguage":"es","url":"https:\/\/www.mobelmol.com\/wp-content\/uploads\/2025\/10\/Bancos-de-vestuario-para-gimnasios.jpg","contentUrl":"https:\/\/www.mobelmol.com\/wp-content\/uploads\/2025\/10\/Bancos-de-vestuario-para-gimnasios.jpg","width":1072,"height":712,"caption":"Bancos de vestuario para gimnasios"},{"@type":"WebPage","@id":"https:\/\/www.mobelmol.com\/es\/2025\/11\/03\/bancos-vestuario-diseno-funcional-medida-gimnasios-vestuarios\/#webpage","url":"https:\/\/www.mobelmol.com\/es\/2025\/11\/03\/bancos-vestuario-diseno-funcional-medida-gimnasios-vestuarios\/","name":"Bancos de vestuario para gimnasios y espacios corporativos | Mobelmol","isPartOf":{"@id":"https:\/\/www.mobelmol.com\/es\/#website"},"primaryImageOfPage":{"@id":"https:\/\/www.mobelmol.com\/es\/2025\/11\/03\/bancos-vestuario-diseno-funcional-medida-gimnasios-vestuarios\/#primaryimage"},"datePublished":"2025-11-03T10:28:38+00:00","dateModified":"2025-10-31T10:45:09+00:00","description":"Descubre los bancos de vestuario fen\u00f3licos: resistentes, higi\u00e9nicos y a medida. Ideales para gimnasios y vestuarios de alto tr\u00e1nsito.","breadcrumb":{"@id":"https:\/\/www.mobelmol.com\/es\/2025\/11\/03\/bancos-vestuario-diseno-funcional-medida-gimnasios-vestuarios\/#breadcrumb"},"inLanguage":"es","potentialAction":[{"@type":"ReadAction","target":["https:\/\/www.mobelmol.com\/es\/2025\/11\/03\/bancos-vestuario-diseno-funcional-medida-gimnasios-vestuarios\/"]}]},{"@type":"BreadcrumbList","@id":"https:\/\/www.mobelmol.com\/es\/2025\/11\/03\/bancos-vestuario-diseno-funcional-medida-gimnasios-vestuarios\/#breadcrumb","itemListElement":[{"@type":"ListItem","position":1,"name":"Portada","item":"https:\/\/www.mobelmol.com\/es\/"},{"@type":"ListItem","position":2,"name":"Bancos de vestuario: dise\u00f1o funcional y a medida para gimnasios y vestuarios"}]},{"@type":"Article","@id":"https:\/\/www.mobelmol.com\/es\/2025\/11\/03\/bancos-vestuario-diseno-funcional-medida-gimnasios-vestuarios\/#article","isPartOf":{"@id":"https:\/\/www.mobelmol.com\/es\/2025\/11\/03\/bancos-vestuario-diseno-funcional-medida-gimnasios-vestuarios\/#webpage"},"author":{"@id":"https:\/\/www.mobelmol.com\/es\/#\/schema\/person\/6ef58f30bb6faf6105be0e48a4e0be28"},"headline":"Bancos de vestuario: dise\u00f1o funcional y a medida para gimnasios y vestuarios","datePublished":"2025-11-03T10:28:38+00:00","dateModified":"2025-10-31T10:45:09+00:00","mainEntityOfPage":{"@id":"https:\/\/www.mobelmol.com\/es\/2025\/11\/03\/bancos-vestuario-diseno-funcional-medida-gimnasios-vestuarios\/#webpage"},"wordCount":588,"commentCount":0,"publisher":{"@id":"https:\/\/www.mobelmol.com\/es\/#organization"},"image":{"@id":"https:\/\/www.mobelmol.com\/es\/2025\/11\/03\/bancos-vestuario-diseno-funcional-medida-gimnasios-vestuarios\/#primaryimage"},"thumbnailUrl":"https:\/\/www.mobelmol.com\/wp-content\/uploads\/2025\/10\/Bancos-de-vestuario-para-gimnasios.jpg","articleSection":["Bancos fen\u00f3licos","Bancos gimnasios","Bancos para vestuarios","Bancos y perchas vestuarios"],"inLanguage":"es","potentialAction":[{"@type":"CommentAction","name":"Comment","target":["https:\/\/www.mobelmol.com\/es\/2025\/11\/03\/bancos-vestuario-diseno-funcional-medida-gimnasios-vestuarios\/#respond"]}]},{"@type":"Person","@id":"https:\/\/www.mobelmol.com\/es\/#\/schema\/person\/6ef58f30bb6faf6105be0e48a4e0be28","name":"admin","image":{"@type":"ImageObject","@id":"https:\/\/www.mobelmol.com\/es\/#personlogo","inLanguage":"es","url":"https:\/\/secure.gravatar.com\/avatar\/0c7509c85c836ff68bc43efa415976254ed1463e7bbc3edf38a658092e29e5b4?s=96&d=mm&r=g","contentUrl":"https:\/\/secure.gravatar.com\/avatar\/0c7509c85c836ff68bc43efa415976254ed1463e7bbc3edf38a658092e29e5b4?s=96&d=mm&r=g","caption":"admin"},"sameAs":["https:\/\/www.mobelmol.com"],"url":"https:\/\/www.mobelmol.com\/es\/author\/jordi\/"}]}},"_links":{"self":[{"href":"https:\/\/www.mobelmol.com\/es\/wp-json\/wp\/v2\/posts\/9338","targetHints":{"allow":["GET"]}}],"collection":[{"href":"https:\/\/www.mobelmol.com\/es\/wp-json\/wp\/v2\/posts"}],"about":[{"href":"https:\/\/www.mobelmol.com\/es\/wp-json\/wp\/v2\/types\/post"}],"author":[{"embeddable":true,"href":"https:\/\/www.mobelmol.com\/es\/wp-json\/wp\/v2\/users\/1"}],"replies":[{"embeddable":true,"href":"https:\/\/www.mobelmol.com\/es\/wp-json\/wp\/v2\/comments?post=9338"}],"version-history":[{"count":4,"href":"https:\/\/www.mobelmol.com\/es\/wp-json\/wp\/v2\/posts\/9338\/revisions"}],"predecessor-version":[{"id":9349,"href":"https:\/\/www.mobelmol.com\/es\/wp-json\/wp\/v2\/posts\/9338\/revisions\/9349"}],"wp:featuredmedia":[{"embeddable":true,"href":"https:\/\/www.mobelmol.com\/es\/wp-json\/wp\/v2\/media\/9342"}],"wp:attachment":[{"href":"https:\/\/www.mobelmol.com\/es\/wp-json\/wp\/v2\/media?parent=9338"}],"wp:term":[{"taxonomy":"category","embeddable":true,"href":"https:\/\/www.mobelmol.com\/es\/wp-json\/wp\/v2\/categories?post=9338"},{"taxonomy":"post_tag","embeddable":true,"href":"https:\/\/www.mobelmol.com\/es\/wp-json\/wp\/v2\/tags?post=9338"}],"curies":[{"name":"wp","href":"https:\/\/api.w.org\/{rel}","templated":true}]}}