{"id":9357,"date":"2025-11-12T14:59:53","date_gmt":"2025-11-12T14:59:53","guid":{"rendered":"https:\/\/www.mobelmol.com\/?p=9357"},"modified":"2025-11-12T14:59:55","modified_gmt":"2025-11-12T14:59:55","slug":"mobiliario-encimeras-medida-camping-compacto-fenolico","status":"publish","type":"post","link":"https:\/\/www.mobelmol.com\/es\/2025\/11\/12\/mobiliario-encimeras-medida-camping-compacto-fenolico\/","title":{"rendered":"Encimeras a medida en campings: ventajas del compacto fen\u00f3lico personalizado"},"content":{"rendered":"\n<p>El dise\u00f1o de los espacios en un camping va mucho m\u00e1s all\u00e1 de la est\u00e9tica. Los materiales utilizados deben soportar la humedad, el uso intensivo y las condiciones del entorno sin perder funcionalidad ni estilo. En este contexto, las <strong>encimeras a medida<\/strong> fabricadas en <strong>compacto fen\u00f3lico (HPL)<\/strong> se han convertido en una soluci\u00f3n ideal para zonas comunes, cocinas, lavabos y \u00e1reas de servicios.<\/p>\n\n\n\n<p>El <strong>mobiliario para campings<\/strong> debe ser resistente, duradero y de f\u00e1cil mantenimiento. En <strong>Mobelmol<\/strong>, desarrollamos soluciones personalizadas que combinan dise\u00f1o, robustez y practicidad, adaptadas a cada proyecto y entorno.<\/p>\n\n\n\n<h2 class=\"wp-block-heading\">\u00bfPor qu\u00e9 elegir encimeras a medida en compacto fen\u00f3lico?<\/h2>\n\n\n\n<p>El <strong>compacto fen\u00f3lico<\/strong> o HPL (High Pressure Laminate) es un material laminado de alta presi\u00f3n que destaca por su <strong>resistencia a la humedad, al calor y al desgaste<\/strong>, caracter\u00edsticas esenciales en un entorno como un camping.<\/p>\n\n\n\n<p>Las <strong>encimeras a medida<\/strong> fabricadas con este material ofrecen m\u00faltiples ventajas:<\/p>\n\n\n\n<ul class=\"wp-block-list\">\n<li><strong>Durabilidad excepcional<\/strong>: soportan golpes, rayaduras y el uso diario sin deteriorarse.<\/li>\n\n\n\n<li><strong>Resistencia al agua y al vapor<\/strong>: ideales para cocinas, lavaderos y ba\u00f1os.<\/li>\n\n\n\n<li><strong>F\u00e1cil limpieza<\/strong>: su superficie lisa y no porosa evita la acumulaci\u00f3n de suciedad y bacterias.<\/li>\n\n\n\n<li><strong>Dise\u00f1o personalizado<\/strong>: disponibles en distintos colores, espesores y acabados.<\/li>\n\n\n\n<li><strong>Instalaci\u00f3n vers\u00e1til<\/strong>: se adaptan a cualquier medida y tipo de estructura.<\/li>\n<\/ul>\n\n\n\n<p>Estas propiedades convierten al compacto fen\u00f3lico en una apuesta segura para proyectos de <strong>mobiliario de camping<\/strong> que buscan funcionalidad y est\u00e9tica al mismo tiempo.<\/p>\n\n\n\n<p>Tambi\u00e9n son ideales para aseos de oficinas, colegios, industrias en general, \u2026<\/p>\n\n\n<div class=\"wp-block-image\">\n<figure class=\"aligncenter size-large\"><img decoding=\"async\" src=\"data:image\/gif;base64,R0lGODlhAQABAIAAAAAAAP\/\/\/yH5BAEAAAAALAAAAAABAAEAAAIBRAA7\" data-src=\"https:\/\/www.mobelmol.com\/wp-content\/uploads\/2025\/11\/Encimeras-en-campings-1024x576.jpg\" alt=\"Encimeras en campings\" class=\"wp-image-9362 lazyload\"\/><noscript><img decoding=\"async\" width=\"1024\" height=\"576\" src=\"https:\/\/www.mobelmol.com\/wp-content\/uploads\/2025\/11\/Encimeras-en-campings-1024x576.jpg\" alt=\"Encimeras en campings\" class=\"wp-image-9362 lazyload\" srcset=\"https:\/\/www.mobelmol.com\/wp-content\/uploads\/2025\/11\/Encimeras-en-campings-1024x576.jpg 1024w, https:\/\/www.mobelmol.com\/wp-content\/uploads\/2025\/11\/Encimeras-en-campings-300x170.jpg 300w, https:\/\/www.mobelmol.com\/wp-content\/uploads\/2025\/11\/Encimeras-en-campings-768x432.jpg 768w, https:\/\/www.mobelmol.com\/wp-content\/uploads\/2025\/11\/Encimeras-en-campings-600x338.jpg 600w, https:\/\/www.mobelmol.com\/wp-content\/uploads\/2025\/11\/Encimeras-en-campings.jpg 1032w\" sizes=\"(max-width: 1024px) 100vw, 1024px\" \/><\/noscript><\/figure>\n<\/div>\n\n\n<h2 class=\"wp-block-heading\">Ventajas del mobiliario fen\u00f3lico en campings<\/h2>\n\n\n\n<p>El mobiliario fen\u00f3lico no solo aporta durabilidad, sino tambi\u00e9n <strong>una imagen moderna y profesional<\/strong>. En campings, donde los espacios se utilizan intensivamente por decenas o cientos de usuarios cada d\u00eda, disponer de mobiliario resistente y de f\u00e1cil mantenimiento reduce costes y mejora la experiencia del usuario.<\/p>\n\n\n\n<p>Entre las principales ventajas:<\/p>\n\n\n\n<ul class=\"wp-block-list\">\n<li><strong>Larga vida \u00fatil<\/strong>, incluso en condiciones de exterior o humedad.<\/li>\n\n\n\n<li><strong>Mantenimiento m\u00ednimo<\/strong> gracias a su superficie antibacteriana.<\/li>\n\n\n\n<li><strong>Dise\u00f1o coherente<\/strong> con el resto de equipamiento del camping (lavabos, duchas, cocinas colectivas, etc.).<\/li>\n\n\n\n<li><strong>Fabricaci\u00f3n a medida<\/strong>, para adaptarse perfectamente a cada espacio.<\/li>\n<\/ul>\n\n\n\n<h2 class=\"wp-block-heading\">Experiencia Mobelmol: dise\u00f1o resistente y a medida<\/h2>\n\n\n\n<p>En <a href=\"https:\/\/www.mobelmol.com\/es\/\">Mobelmol<\/a>, somos especialistas en la fabricaci\u00f3n de <strong>encimeras a medida y mobiliario t\u00e9cnico<\/strong> en compacto fen\u00f3lico. Nuestra experiencia en proyectos tur\u00edsticos y deportivos nos ha permitido equipar instalaciones donde la resistencia y la est\u00e9tica son igual de importantes.<\/p>\n\n\n\n<p>Un ejemplo de ello es la participaci\u00f3n en la <a href=\"https:\/\/www.mobelmol.com\/es\/2023\/07\/26\/el-sector-del-camping-sigue-confiando-en-mobelmol-y-sus-cabinas-sanitarias\/\">remodelaci\u00f3n del Camping King\u2019s<\/a>, donde se fabricaron <strong>encimeras y mobiliario fen\u00f3lico personalizado<\/strong>, dise\u00f1ados para ofrecer durabilidad y confort en un entorno de uso intensivo.<\/p>\n\n\n\n<p>Si est\u00e1s dise\u00f1ando o renovando un camping, hostel o instalaci\u00f3n tur\u00edstica, te ayudamos a crear <strong>encimeras a medida<\/strong> que se adaptan a tu proyecto, as\u00ed como todo tipo de mobiliario de camping personalizado y de calidad.<\/p>\n\n\n\n<p><a href=\"https:\/\/www.mobelmol.com\/es\/contacto-fenolico-construccion\/\">Contacta con Mobelmol<\/a> para solicitar asesoramiento o presupuesto personalizado.<\/p>\n\n\n<div class=\"wp-block-image\">\n<figure class=\"aligncenter size-large\"><img decoding=\"async\" src=\"data:image\/gif;base64,R0lGODlhAQABAIAAAAAAAP\/\/\/yH5BAEAAAAALAAAAAABAAEAAAIBRAA7\" data-src=\"https:\/\/www.mobelmol.com\/wp-content\/uploads\/2025\/11\/Encimeras-a-medida-1024x680.jpg\" alt=\"Encimeras a medida\" class=\"wp-image-9360 lazyload\"\/><noscript><img decoding=\"async\" width=\"1024\" height=\"680\" src=\"https:\/\/www.mobelmol.com\/wp-content\/uploads\/2025\/11\/Encimeras-a-medida-1024x680.jpg\" alt=\"Encimeras a medida\" class=\"wp-image-9360 lazyload\" srcset=\"https:\/\/www.mobelmol.com\/wp-content\/uploads\/2025\/11\/Encimeras-a-medida-1024x680.jpg 1024w, https:\/\/www.mobelmol.com\/wp-content\/uploads\/2025\/11\/Encimeras-a-medida-300x199.jpg 300w, https:\/\/www.mobelmol.com\/wp-content\/uploads\/2025\/11\/Encimeras-a-medida-768x510.jpg 768w, https:\/\/www.mobelmol.com\/wp-content\/uploads\/2025\/11\/Encimeras-a-medida-365x243.jpg 365w, https:\/\/www.mobelmol.com\/wp-content\/uploads\/2025\/11\/Encimeras-a-medida-600x399.jpg 600w, https:\/\/www.mobelmol.com\/wp-content\/uploads\/2025\/11\/Encimeras-a-medida.jpg 1072w\" sizes=\"(max-width: 1024px) 100vw, 1024px\" \/><\/noscript><\/figure>\n<\/div>","protected":false},"excerpt":{"rendered":"<p>El dise\u00f1o de los espacios en un camping va mucho m\u00e1s all\u00e1 de la est\u00e9tica. Los materiales utilizados deben soportar la humedad, el uso intensivo y las condiciones del entorno sin perder funcionalidad ni estilo. En este contexto, las encimeras a medida fabricadas en compacto fen\u00f3lico (HPL) se han convertido en una soluci\u00f3n ideal para&#8230;<\/p>\n","protected":false},"author":2,"featured_media":9358,"comment_status":"open","ping_status":"closed","sticky":false,"template":"","format":"standard","meta":{"footnotes":""},"categories":[465,466,467,472,1],"tags":[],"class_list":["post-9357","post","type-post","status-publish","format-standard","has-post-thumbnail","hentry","category-encimeras-hpl","category-encimeras-resinas-fenolicas","category-equipamiento-campings","category-mobiliario-camping","category-sin-categorizar"],"acf":[],"yoast_head":"<!-- This site is optimized with the Yoast SEO plugin v17.8 - https:\/\/yoast.com\/wordpress\/plugins\/seo\/ -->\n<title>Encimeras a medida en campings | Mobiliario de camping Mobelmol<\/title>\n<meta name=\"description\" content=\"Descubre las ventajas de las encimeras a medida en compacto fen\u00f3lico para campings. Mobiliario resistente, higi\u00e9nico y duradero para camping.\" \/>\n<meta name=\"robots\" content=\"index, follow, max-snippet:-1, max-image-preview:large, max-video-preview:-1\" \/>\n<link rel=\"canonical\" href=\"https:\/\/www.mobelmol.com\/es\/2025\/11\/12\/mobiliario-encimeras-medida-camping-compacto-fenolico\/\" \/>\n<meta property=\"og:locale\" content=\"es_ES\" \/>\n<meta property=\"og:type\" content=\"article\" \/>\n<meta property=\"og:title\" content=\"Encimeras a medida en campings | Mobiliario de camping Mobelmol\" \/>\n<meta property=\"og:description\" content=\"Descubre las ventajas de las encimeras a medida en compacto fen\u00f3lico para campings. Mobiliario resistente, higi\u00e9nico y duradero para camping.\" \/>\n<meta property=\"og:url\" content=\"https:\/\/www.mobelmol.com\/es\/2025\/11\/12\/mobiliario-encimeras-medida-camping-compacto-fenolico\/\" \/>\n<meta property=\"og:site_name\" content=\"Mobelmol\" \/>\n<meta property=\"article:published_time\" content=\"2025-11-12T14:59:53+00:00\" \/>\n<meta property=\"article:modified_time\" content=\"2025-11-12T14:59:55+00:00\" \/>\n<meta property=\"og:image\" content=\"https:\/\/www.mobelmol.com\/wp-content\/uploads\/2025\/11\/Encimeras-a-medida-en-campings.jpg\" \/>\n\t<meta property=\"og:image:width\" content=\"1072\" \/>\n\t<meta property=\"og:image:height\" content=\"712\" \/>\n<meta name=\"twitter:card\" content=\"summary_large_image\" \/>\n<meta name=\"twitter:label1\" content=\"Escrito por\" \/>\n\t<meta name=\"twitter:data1\" content=\"mobelmol\" \/>\n\t<meta name=\"twitter:label2\" content=\"Tiempo de lectura\" \/>\n\t<meta name=\"twitter:data2\" content=\"3 minutos\" \/>\n<script type=\"application\/ld+json\" class=\"yoast-schema-graph\">{\"@context\":\"https:\/\/schema.org\",\"@graph\":[{\"@type\":\"Organization\",\"@id\":\"https:\/\/www.mobelmol.com\/es\/#organization\",\"name\":\"Mobelmol\",\"url\":\"https:\/\/www.mobelmol.com\/es\/\",\"sameAs\":[],\"logo\":{\"@type\":\"ImageObject\",\"@id\":\"https:\/\/www.mobelmol.com\/es\/#logo\",\"inLanguage\":\"es\",\"url\":\"https:\/\/www.mobelmol.com\/wp-content\/uploads\/2021\/05\/lgo-mobelmol.svg\",\"contentUrl\":\"https:\/\/www.mobelmol.com\/wp-content\/uploads\/2021\/05\/lgo-mobelmol.svg\",\"width\":100,\"height\":100,\"caption\":\"Mobelmol\"},\"image\":{\"@id\":\"https:\/\/www.mobelmol.com\/es\/#logo\"}},{\"@type\":\"WebSite\",\"@id\":\"https:\/\/www.mobelmol.com\/es\/#website\",\"url\":\"https:\/\/www.mobelmol.com\/es\/\",\"name\":\"Mobelmol\",\"description\":\"Fabricaci\\u00f3n e instalaci\\u00f3n de equipamiento y mobiliario con panel compacto\",\"publisher\":{\"@id\":\"https:\/\/www.mobelmol.com\/es\/#organization\"},\"potentialAction\":[{\"@type\":\"SearchAction\",\"target\":{\"@type\":\"EntryPoint\",\"urlTemplate\":\"https:\/\/www.mobelmol.com\/es\/?s={search_term_string}\"},\"query-input\":\"required name=search_term_string\"}],\"inLanguage\":\"es\"},{\"@type\":\"ImageObject\",\"@id\":\"https:\/\/www.mobelmol.com\/es\/2025\/11\/12\/mobiliario-encimeras-medida-camping-compacto-fenolico\/#primaryimage\",\"inLanguage\":\"es\",\"url\":\"https:\/\/www.mobelmol.com\/wp-content\/uploads\/2025\/11\/Encimeras-a-medida-en-campings.jpg\",\"contentUrl\":\"https:\/\/www.mobelmol.com\/wp-content\/uploads\/2025\/11\/Encimeras-a-medida-en-campings.jpg\",\"width\":1072,\"height\":712,\"caption\":\"Encimeras a medida en campings\"},{\"@type\":\"WebPage\",\"@id\":\"https:\/\/www.mobelmol.com\/es\/2025\/11\/12\/mobiliario-encimeras-medida-camping-compacto-fenolico\/#webpage\",\"url\":\"https:\/\/www.mobelmol.com\/es\/2025\/11\/12\/mobiliario-encimeras-medida-camping-compacto-fenolico\/\",\"name\":\"Encimeras a medida en campings | Mobiliario de camping Mobelmol\",\"isPartOf\":{\"@id\":\"https:\/\/www.mobelmol.com\/es\/#website\"},\"primaryImageOfPage\":{\"@id\":\"https:\/\/www.mobelmol.com\/es\/2025\/11\/12\/mobiliario-encimeras-medida-camping-compacto-fenolico\/#primaryimage\"},\"datePublished\":\"2025-11-12T14:59:53+00:00\",\"dateModified\":\"2025-11-12T14:59:55+00:00\",\"description\":\"Descubre las ventajas de las encimeras a medida en compacto fen\\u00f3lico para campings. Mobiliario resistente, higi\\u00e9nico y duradero para camping.\",\"breadcrumb\":{\"@id\":\"https:\/\/www.mobelmol.com\/es\/2025\/11\/12\/mobiliario-encimeras-medida-camping-compacto-fenolico\/#breadcrumb\"},\"inLanguage\":\"es\",\"potentialAction\":[{\"@type\":\"ReadAction\",\"target\":[\"https:\/\/www.mobelmol.com\/es\/2025\/11\/12\/mobiliario-encimeras-medida-camping-compacto-fenolico\/\"]}]},{\"@type\":\"BreadcrumbList\",\"@id\":\"https:\/\/www.mobelmol.com\/es\/2025\/11\/12\/mobiliario-encimeras-medida-camping-compacto-fenolico\/#breadcrumb\",\"itemListElement\":[{\"@type\":\"ListItem\",\"position\":1,\"name\":\"Portada\",\"item\":\"https:\/\/www.mobelmol.com\/es\/\"},{\"@type\":\"ListItem\",\"position\":2,\"name\":\"Encimeras a medida en campings: ventajas del compacto fen\\u00f3lico personalizado\"}]},{\"@type\":\"Article\",\"@id\":\"https:\/\/www.mobelmol.com\/es\/2025\/11\/12\/mobiliario-encimeras-medida-camping-compacto-fenolico\/#article\",\"isPartOf\":{\"@id\":\"https:\/\/www.mobelmol.com\/es\/2025\/11\/12\/mobiliario-encimeras-medida-camping-compacto-fenolico\/#webpage\"},\"author\":{\"@id\":\"https:\/\/www.mobelmol.com\/es\/#\/schema\/person\/565ae207c10648a08594927140077125\"},\"headline\":\"Encimeras a medida en campings: ventajas del compacto fen\\u00f3lico personalizado\",\"datePublished\":\"2025-11-12T14:59:53+00:00\",\"dateModified\":\"2025-11-12T14:59:55+00:00\",\"mainEntityOfPage\":{\"@id\":\"https:\/\/www.mobelmol.com\/es\/2025\/11\/12\/mobiliario-encimeras-medida-camping-compacto-fenolico\/#webpage\"},\"wordCount\":516,\"commentCount\":0,\"publisher\":{\"@id\":\"https:\/\/www.mobelmol.com\/es\/#organization\"},\"image\":{\"@id\":\"https:\/\/www.mobelmol.com\/es\/2025\/11\/12\/mobiliario-encimeras-medida-camping-compacto-fenolico\/#primaryimage\"},\"thumbnailUrl\":\"https:\/\/www.mobelmol.com\/wp-content\/uploads\/2025\/11\/Encimeras-a-medida-en-campings.jpg\",\"articleSection\":[\"Encimeras HPL\",\"Encimeras resinas fen\\u00f3licas\",\"Equipamiento campings\",\"Mobiliario camping\",\"Sin categorizar\"],\"inLanguage\":\"es\",\"potentialAction\":[{\"@type\":\"CommentAction\",\"name\":\"Comment\",\"target\":[\"https:\/\/www.mobelmol.com\/es\/2025\/11\/12\/mobiliario-encimeras-medida-camping-compacto-fenolico\/#respond\"]}]},{\"@type\":\"Person\",\"@id\":\"https:\/\/www.mobelmol.com\/es\/#\/schema\/person\/565ae207c10648a08594927140077125\",\"name\":\"mobelmol\",\"image\":{\"@type\":\"ImageObject\",\"@id\":\"https:\/\/www.mobelmol.com\/es\/#personlogo\",\"inLanguage\":\"es\",\"url\":\"https:\/\/secure.gravatar.com\/avatar\/3d3d3967f2c155ccb5acdd1c49dadd15fbd63af600c1f741d7fa69c807bad1df?s=96&d=mm&r=g\",\"contentUrl\":\"https:\/\/secure.gravatar.com\/avatar\/3d3d3967f2c155ccb5acdd1c49dadd15fbd63af600c1f741d7fa69c807bad1df?s=96&d=mm&r=g\",\"caption\":\"mobelmol\"},\"url\":\"https:\/\/www.mobelmol.com\/es\/author\/mobelmol\/\"}]}<\/script>\n<!-- \/ Yoast SEO plugin. -->","yoast_head_json":{"title":"Encimeras a medida en campings | Mobiliario de camping Mobelmol","description":"Descubre las ventajas de las encimeras a medida en compacto fen\u00f3lico para campings. Mobiliario resistente, higi\u00e9nico y duradero para camping.","robots":{"index":"index","follow":"follow","max-snippet":"max-snippet:-1","max-image-preview":"max-image-preview:large","max-video-preview":"max-video-preview:-1"},"canonical":"https:\/\/www.mobelmol.com\/es\/2025\/11\/12\/mobiliario-encimeras-medida-camping-compacto-fenolico\/","og_locale":"es_ES","og_type":"article","og_title":"Encimeras a medida en campings | Mobiliario de camping Mobelmol","og_description":"Descubre las ventajas de las encimeras a medida en compacto fen\u00f3lico para campings. Mobiliario resistente, higi\u00e9nico y duradero para camping.","og_url":"https:\/\/www.mobelmol.com\/es\/2025\/11\/12\/mobiliario-encimeras-medida-camping-compacto-fenolico\/","og_site_name":"Mobelmol","article_published_time":"2025-11-12T14:59:53+00:00","article_modified_time":"2025-11-12T14:59:55+00:00","og_image":[{"width":1072,"height":712,"url":"https:\/\/www.mobelmol.com\/wp-content\/uploads\/2025\/11\/Encimeras-a-medida-en-campings.jpg","type":"image\/jpeg"}],"twitter_card":"summary_large_image","twitter_misc":{"Escrito por":"mobelmol","Tiempo de lectura":"3 minutos"},"schema":{"@context":"https:\/\/schema.org","@graph":[{"@type":"Organization","@id":"https:\/\/www.mobelmol.com\/es\/#organization","name":"Mobelmol","url":"https:\/\/www.mobelmol.com\/es\/","sameAs":[],"logo":{"@type":"ImageObject","@id":"https:\/\/www.mobelmol.com\/es\/#logo","inLanguage":"es","url":"https:\/\/www.mobelmol.com\/wp-content\/uploads\/2021\/05\/lgo-mobelmol.svg","contentUrl":"https:\/\/www.mobelmol.com\/wp-content\/uploads\/2021\/05\/lgo-mobelmol.svg","width":100,"height":100,"caption":"Mobelmol"},"image":{"@id":"https:\/\/www.mobelmol.com\/es\/#logo"}},{"@type":"WebSite","@id":"https:\/\/www.mobelmol.com\/es\/#website","url":"https:\/\/www.mobelmol.com\/es\/","name":"Mobelmol","description":"Fabricaci\u00f3n e instalaci\u00f3n de equipamiento y mobiliario con panel compacto","publisher":{"@id":"https:\/\/www.mobelmol.com\/es\/#organization"},"potentialAction":[{"@type":"SearchAction","target":{"@type":"EntryPoint","urlTemplate":"https:\/\/www.mobelmol.com\/es\/?s={search_term_string}"},"query-input":"required name=search_term_string"}],"inLanguage":"es"},{"@type":"ImageObject","@id":"https:\/\/www.mobelmol.com\/es\/2025\/11\/12\/mobiliario-encimeras-medida-camping-compacto-fenolico\/#primaryimage","inLanguage":"es","url":"https:\/\/www.mobelmol.com\/wp-content\/uploads\/2025\/11\/Encimeras-a-medida-en-campings.jpg","contentUrl":"https:\/\/www.mobelmol.com\/wp-content\/uploads\/2025\/11\/Encimeras-a-medida-en-campings.jpg","width":1072,"height":712,"caption":"Encimeras a medida en campings"},{"@type":"WebPage","@id":"https:\/\/www.mobelmol.com\/es\/2025\/11\/12\/mobiliario-encimeras-medida-camping-compacto-fenolico\/#webpage","url":"https:\/\/www.mobelmol.com\/es\/2025\/11\/12\/mobiliario-encimeras-medida-camping-compacto-fenolico\/","name":"Encimeras a medida en campings | Mobiliario de camping Mobelmol","isPartOf":{"@id":"https:\/\/www.mobelmol.com\/es\/#website"},"primaryImageOfPage":{"@id":"https:\/\/www.mobelmol.com\/es\/2025\/11\/12\/mobiliario-encimeras-medida-camping-compacto-fenolico\/#primaryimage"},"datePublished":"2025-11-12T14:59:53+00:00","dateModified":"2025-11-12T14:59:55+00:00","description":"Descubre las ventajas de las encimeras a medida en compacto fen\u00f3lico para campings. Mobiliario resistente, higi\u00e9nico y duradero para camping.","breadcrumb":{"@id":"https:\/\/www.mobelmol.com\/es\/2025\/11\/12\/mobiliario-encimeras-medida-camping-compacto-fenolico\/#breadcrumb"},"inLanguage":"es","potentialAction":[{"@type":"ReadAction","target":["https:\/\/www.mobelmol.com\/es\/2025\/11\/12\/mobiliario-encimeras-medida-camping-compacto-fenolico\/"]}]},{"@type":"BreadcrumbList","@id":"https:\/\/www.mobelmol.com\/es\/2025\/11\/12\/mobiliario-encimeras-medida-camping-compacto-fenolico\/#breadcrumb","itemListElement":[{"@type":"ListItem","position":1,"name":"Portada","item":"https:\/\/www.mobelmol.com\/es\/"},{"@type":"ListItem","position":2,"name":"Encimeras a medida en campings: ventajas del compacto fen\u00f3lico personalizado"}]},{"@type":"Article","@id":"https:\/\/www.mobelmol.com\/es\/2025\/11\/12\/mobiliario-encimeras-medida-camping-compacto-fenolico\/#article","isPartOf":{"@id":"https:\/\/www.mobelmol.com\/es\/2025\/11\/12\/mobiliario-encimeras-medida-camping-compacto-fenolico\/#webpage"},"author":{"@id":"https:\/\/www.mobelmol.com\/es\/#\/schema\/person\/565ae207c10648a08594927140077125"},"headline":"Encimeras a medida en campings: ventajas del compacto fen\u00f3lico personalizado","datePublished":"2025-11-12T14:59:53+00:00","dateModified":"2025-11-12T14:59:55+00:00","mainEntityOfPage":{"@id":"https:\/\/www.mobelmol.com\/es\/2025\/11\/12\/mobiliario-encimeras-medida-camping-compacto-fenolico\/#webpage"},"wordCount":516,"commentCount":0,"publisher":{"@id":"https:\/\/www.mobelmol.com\/es\/#organization"},"image":{"@id":"https:\/\/www.mobelmol.com\/es\/2025\/11\/12\/mobiliario-encimeras-medida-camping-compacto-fenolico\/#primaryimage"},"thumbnailUrl":"https:\/\/www.mobelmol.com\/wp-content\/uploads\/2025\/11\/Encimeras-a-medida-en-campings.jpg","articleSection":["Encimeras HPL","Encimeras resinas fen\u00f3licas","Equipamiento campings","Mobiliario camping","Sin categorizar"],"inLanguage":"es","potentialAction":[{"@type":"CommentAction","name":"Comment","target":["https:\/\/www.mobelmol.com\/es\/2025\/11\/12\/mobiliario-encimeras-medida-camping-compacto-fenolico\/#respond"]}]},{"@type":"Person","@id":"https:\/\/www.mobelmol.com\/es\/#\/schema\/person\/565ae207c10648a08594927140077125","name":"mobelmol","image":{"@type":"ImageObject","@id":"https:\/\/www.mobelmol.com\/es\/#personlogo","inLanguage":"es","url":"https:\/\/secure.gravatar.com\/avatar\/3d3d3967f2c155ccb5acdd1c49dadd15fbd63af600c1f741d7fa69c807bad1df?s=96&d=mm&r=g","contentUrl":"https:\/\/secure.gravatar.com\/avatar\/3d3d3967f2c155ccb5acdd1c49dadd15fbd63af600c1f741d7fa69c807bad1df?s=96&d=mm&r=g","caption":"mobelmol"},"url":"https:\/\/www.mobelmol.com\/es\/author\/mobelmol\/"}]}},"_links":{"self":[{"href":"https:\/\/www.mobelmol.com\/es\/wp-json\/wp\/v2\/posts\/9357","targetHints":{"allow":["GET"]}}],"collection":[{"href":"https:\/\/www.mobelmol.com\/es\/wp-json\/wp\/v2\/posts"}],"about":[{"href":"https:\/\/www.mobelmol.com\/es\/wp-json\/wp\/v2\/types\/post"}],"author":[{"embeddable":true,"href":"https:\/\/www.mobelmol.com\/es\/wp-json\/wp\/v2\/users\/2"}],"replies":[{"embeddable":true,"href":"https:\/\/www.mobelmol.com\/es\/wp-json\/wp\/v2\/comments?post=9357"}],"version-history":[{"count":1,"href":"https:\/\/www.mobelmol.com\/es\/wp-json\/wp\/v2\/posts\/9357\/revisions"}],"predecessor-version":[{"id":9364,"href":"https:\/\/www.mobelmol.com\/es\/wp-json\/wp\/v2\/posts\/9357\/revisions\/9364"}],"wp:featuredmedia":[{"embeddable":true,"href":"https:\/\/www.mobelmol.com\/es\/wp-json\/wp\/v2\/media\/9358"}],"wp:attachment":[{"href":"https:\/\/www.mobelmol.com\/es\/wp-json\/wp\/v2\/media?parent=9357"}],"wp:term":[{"taxonomy":"category","embeddable":true,"href":"https:\/\/www.mobelmol.com\/es\/wp-json\/wp\/v2\/categories?post=9357"},{"taxonomy":"post_tag","embeddable":true,"href":"https:\/\/www.mobelmol.com\/es\/wp-json\/wp\/v2\/tags?post=9357"}],"curies":[{"name":"wp","href":"https:\/\/api.w.org\/{rel}","templated":true}]}}