{"id":374,"count":10,"description":"Mobelmol, como empresa l\u00edder en fabricaci\u00f3n e instalaci\u00f3n de soluciones para equipamiento y mobiliario que requieren higiene y durabilidad, calidad y robustez dispone de una extensa oferta en Cabinas Sanitarias.\r\n<h2>TIPOS DE CABINAS SANITARIAS PARA VESTUARIOS Y BA\u00d1OS<\/h2>\r\nA continuaci\u00f3n, presentamos el cat\u00e1logo de Cabinas Sanitarias que fabrica e instala Mobelmol, el cual se divide en cuatro subdivisiones: Fen\u00f3lico compacto 12 mm, Fen\u00f3lico s\u00e1ndwich de 41 mm, Cabinas i34 Glass y Compacmel seg\u00fan las necesidades de sus clientes.\r\n\r\nYa sea por el material con el que Mobelmol las elabora, los distintos dise\u00f1os funcionales, o sus prestaciones, disponemos de estas cuatro variables de cabinas sanitarias a escoger, cumpliendo con la mayor\u00eda de las necesidades del cliente.\r\n\r\nTodas nuestras cabinas sanitarias cumplen con los requisitos de robustez y calidad que este tipo de equipaci\u00f3n debe tener para aguantar en las condiciones donde se instalan, normalmente vestuarios, duchas y ba\u00f1os donde la humedad, la temperatura y su uso continuo est\u00e1n presentes. Ideal para centros comerciales, piscinas, gimnasios, polideportivos, campings, centros hospitalarios, balnearios, spas, entre ptros.\r\n\r\nAdem\u00e1s, se dise\u00f1an pensando en una limpieza y desinfecci\u00f3n r\u00e1pida y f\u00e1cil, facilitando el mantenimiento de estas cabinas sanitarias.\r\n<h2>MODELO CABINA SANITARIA SEG\u00daN NECESIDAD<\/h2>\r\n<a href=\"https:\/\/www.mobelmol.com\/familia\/cabinas-sanitarias-a-medida\/cabinas-fenolicas-compacto-12mm-cabines-sanitaries\/\">Cabina sanitaria Fen\u00f3lico compacto 12 mm<\/a>: Elaboradas con placa maciza de resinas fen\u00f3licas tipo Trespa. Tienen 12 mm de espesor y cuentan con cantos pulidos y biselados. Podr\u00e1s escoger color, tipos de herrajes y m\u00e1s caracter\u00edsticas.\r\n\r\n<a href=\"https:\/\/www.mobelmol.com\/familia\/cabinas-sanitarias-a-medida\/cabinas-para-vestuarios-fenolico-sandwich-41mm\/\">Cabina sanitaria Fen\u00f3lico s\u00e1ndwich de 41 mm<\/a>: Material usado es panel s\u00e1ndwich de 41 mm de espesor, el cual est\u00e1 formado por placas de resinas fen\u00f3licas de 3 mm de espesor por cada cara con aislante de espuma de poliestireno en el interior. Podr\u00e1s escoger color y m\u00e1s caracter\u00edsticas.\r\n\r\n<a href=\"https:\/\/www.mobelmol.com\/familia\/cabinas-sanitarias-a-medida\/cabinas-sanitarias-fenolicas-i-34-glass\/\">Cabina sanitaria i34 Glass<\/a>: Construida con una combinaci\u00f3n de vidrio templado mate de unos 10 mm de espesor y placa maciza de resinas fen\u00f3licas tipo Trespa de 12 mm. Con los cantos pulidos y biselados. Podr\u00e1s escoger color y m\u00e1s caracter\u00edsticas.\r\n\r\n<a href=\"https:\/\/www.mobelmol.com\/familia\/cabinas-sanitarias-a-medida\/cabina-ducha-a-medida-compacmel\/\">Cabina sanitaria Compacmel<\/a>: Fabricada con placa COMPACMEL, consta de 12 mm de espesor. Con acabados pulidos y biselados. En cuanto a los pies son regulables para adaptarse mejor a la ubicaci\u00f3n, y consta de una barra superior estabilizadora de y uniones verticales en \u00abU\u00bb de aluminio plata mate. Podr\u00e1s escoger color y m\u00e1s caracter\u00edsticas.\r\n\r\nEncuentra en el amplio cat\u00e1logo de cabinas sanitarias de Mobelmol la opci\u00f3n que, por prestaciones, medidas o material, mejor se adapta a sus necesidades. En caso necesario,\u00a0<a href=\"https:\/\/www.mobelmol.com\/es\/contacto-fenolico-construccion\/\">no dude en contactarnos<\/a>\u00a0para m\u00e1s informaci\u00f3n.\r\n<h2><strong>Encuentra la cabina sanitaria que necesita en nuestro cat\u00e1logo:<\/strong><\/h2>","link":"https:\/\/www.mobelmol.com\/es\/familia\/cabinas-sanitarias-a-medida\/","name":"Cabinas sanitarias","slug":"cabinas-sanitarias-a-medida","taxonomy":"product_cat","parent":0,"meta":[],"acf":[],"yoast_head":"<!-- This site is optimized with the Yoast SEO plugin v17.8 - https:\/\/yoast.com\/wordpress\/plugins\/seo\/ -->\n<title>Dise\u00f1o e Instalaci\u00f3n de Cabinas Sanitarias a medida - Mobelmol<\/title>\n<meta name=\"description\" content=\"Empresa l\u00edder en fabricaci\u00f3n e instalaci\u00f3n de equipamiento y mobiliario de calidad dispone de una extensa oferta en Cabinas Sanitarias a medida.\" \/>\n<meta name=\"robots\" content=\"index, follow, max-snippet:-1, max-image-preview:large, max-video-preview:-1\" \/>\n<link rel=\"canonical\" href=\"https:\/\/www.mobelmol.com\/es\/familia\/cabinas-sanitarias-a-medida\/\" \/>\n<meta property=\"og:locale\" content=\"es_ES\" \/>\n<meta property=\"og:type\" content=\"article\" \/>\n<meta property=\"og:title\" content=\"Dise\u00f1o e Instalaci\u00f3n de Cabinas Sanitarias a medida - Mobelmol\" \/>\n<meta property=\"og:description\" content=\"Empresa l\u00edder en fabricaci\u00f3n e instalaci\u00f3n de equipamiento y mobiliario de calidad dispone de una extensa oferta en Cabinas Sanitarias a medida.\" \/>\n<meta property=\"og:url\" content=\"https:\/\/www.mobelmol.com\/es\/familia\/cabinas-sanitarias-a-medida\/\" \/>\n<meta property=\"og:site_name\" content=\"Mobelmol\" \/>\n<meta name=\"twitter:card\" content=\"summary_large_image\" \/>\n<script type=\"application\/ld+json\" class=\"yoast-schema-graph\">{\"@context\":\"https:\/\/schema.org\",\"@graph\":[{\"@type\":\"Organization\",\"@id\":\"https:\/\/www.mobelmol.com\/es\/#organization\",\"name\":\"Mobelmol\",\"url\":\"https:\/\/www.mobelmol.com\/es\/\",\"sameAs\":[],\"logo\":{\"@type\":\"ImageObject\",\"@id\":\"https:\/\/www.mobelmol.com\/es\/#logo\",\"inLanguage\":\"es\",\"url\":\"https:\/\/www.mobelmol.com\/wp-content\/uploads\/2021\/05\/lgo-mobelmol.svg\",\"contentUrl\":\"https:\/\/www.mobelmol.com\/wp-content\/uploads\/2021\/05\/lgo-mobelmol.svg\",\"width\":100,\"height\":100,\"caption\":\"Mobelmol\"},\"image\":{\"@id\":\"https:\/\/www.mobelmol.com\/es\/#logo\"}},{\"@type\":\"WebSite\",\"@id\":\"https:\/\/www.mobelmol.com\/es\/#website\",\"url\":\"https:\/\/www.mobelmol.com\/es\/\",\"name\":\"Mobelmol\",\"description\":\"Fabricaci\\u00f3n e instalaci\\u00f3n de equipamiento y mobiliario con panel compacto\",\"publisher\":{\"@id\":\"https:\/\/www.mobelmol.com\/es\/#organization\"},\"potentialAction\":[{\"@type\":\"SearchAction\",\"target\":{\"@type\":\"EntryPoint\",\"urlTemplate\":\"https:\/\/www.mobelmol.com\/es\/?s={search_term_string}\"},\"query-input\":\"required name=search_term_string\"}],\"inLanguage\":\"es\"},{\"@type\":\"CollectionPage\",\"@id\":\"https:\/\/www.mobelmol.com\/es\/familia\/cabinas-sanitarias-a-medida\/#webpage\",\"url\":\"https:\/\/www.mobelmol.com\/es\/familia\/cabinas-sanitarias-a-medida\/\",\"name\":\"Dise\\u00f1o e Instalaci\\u00f3n de Cabinas Sanitarias a medida - Mobelmol\",\"isPartOf\":{\"@id\":\"https:\/\/www.mobelmol.com\/es\/#website\"},\"description\":\"Empresa l\\u00edder en fabricaci\\u00f3n e instalaci\\u00f3n de equipamiento y mobiliario de calidad dispone de una extensa oferta en Cabinas Sanitarias a medida.\",\"breadcrumb\":{\"@id\":\"https:\/\/www.mobelmol.com\/es\/familia\/cabinas-sanitarias-a-medida\/#breadcrumb\"},\"inLanguage\":\"es\",\"potentialAction\":[{\"@type\":\"ReadAction\",\"target\":[\"https:\/\/www.mobelmol.com\/es\/familia\/cabinas-sanitarias-a-medida\/\"]}]},{\"@type\":\"BreadcrumbList\",\"@id\":\"https:\/\/www.mobelmol.com\/es\/familia\/cabinas-sanitarias-a-medida\/#breadcrumb\",\"itemListElement\":[{\"@type\":\"ListItem\",\"position\":1,\"name\":\"Portada\",\"item\":\"https:\/\/www.mobelmol.com\/es\/\"},{\"@type\":\"ListItem\",\"position\":2,\"name\":\"Cabinas sanitarias\"}]}]}<\/script>\n<!-- \/ Yoast SEO plugin. -->","yoast_head_json":{"title":"Dise\u00f1o e Instalaci\u00f3n de Cabinas Sanitarias a medida - Mobelmol","description":"Empresa l\u00edder en fabricaci\u00f3n e instalaci\u00f3n de equipamiento y mobiliario de calidad dispone de una extensa oferta en Cabinas Sanitarias a medida.","robots":{"index":"index","follow":"follow","max-snippet":"max-snippet:-1","max-image-preview":"max-image-preview:large","max-video-preview":"max-video-preview:-1"},"canonical":"https:\/\/www.mobelmol.com\/es\/familia\/cabinas-sanitarias-a-medida\/","og_locale":"es_ES","og_type":"article","og_title":"Dise\u00f1o e Instalaci\u00f3n de Cabinas Sanitarias a medida - Mobelmol","og_description":"Empresa l\u00edder en fabricaci\u00f3n e instalaci\u00f3n de equipamiento y mobiliario de calidad dispone de una extensa oferta en Cabinas Sanitarias a medida.","og_url":"https:\/\/www.mobelmol.com\/es\/familia\/cabinas-sanitarias-a-medida\/","og_site_name":"Mobelmol","twitter_card":"summary_large_image","schema":{"@context":"https:\/\/schema.org","@graph":[{"@type":"Organization","@id":"https:\/\/www.mobelmol.com\/es\/#organization","name":"Mobelmol","url":"https:\/\/www.mobelmol.com\/es\/","sameAs":[],"logo":{"@type":"ImageObject","@id":"https:\/\/www.mobelmol.com\/es\/#logo","inLanguage":"es","url":"https:\/\/www.mobelmol.com\/wp-content\/uploads\/2021\/05\/lgo-mobelmol.svg","contentUrl":"https:\/\/www.mobelmol.com\/wp-content\/uploads\/2021\/05\/lgo-mobelmol.svg","width":100,"height":100,"caption":"Mobelmol"},"image":{"@id":"https:\/\/www.mobelmol.com\/es\/#logo"}},{"@type":"WebSite","@id":"https:\/\/www.mobelmol.com\/es\/#website","url":"https:\/\/www.mobelmol.com\/es\/","name":"Mobelmol","description":"Fabricaci\u00f3n e instalaci\u00f3n de equipamiento y mobiliario con panel compacto","publisher":{"@id":"https:\/\/www.mobelmol.com\/es\/#organization"},"potentialAction":[{"@type":"SearchAction","target":{"@type":"EntryPoint","urlTemplate":"https:\/\/www.mobelmol.com\/es\/?s={search_term_string}"},"query-input":"required name=search_term_string"}],"inLanguage":"es"},{"@type":"CollectionPage","@id":"https:\/\/www.mobelmol.com\/es\/familia\/cabinas-sanitarias-a-medida\/#webpage","url":"https:\/\/www.mobelmol.com\/es\/familia\/cabinas-sanitarias-a-medida\/","name":"Dise\u00f1o e Instalaci\u00f3n de Cabinas Sanitarias a medida - Mobelmol","isPartOf":{"@id":"https:\/\/www.mobelmol.com\/es\/#website"},"description":"Empresa l\u00edder en fabricaci\u00f3n e instalaci\u00f3n de equipamiento y mobiliario de calidad dispone de una extensa oferta en Cabinas Sanitarias a medida.","breadcrumb":{"@id":"https:\/\/www.mobelmol.com\/es\/familia\/cabinas-sanitarias-a-medida\/#breadcrumb"},"inLanguage":"es","potentialAction":[{"@type":"ReadAction","target":["https:\/\/www.mobelmol.com\/es\/familia\/cabinas-sanitarias-a-medida\/"]}]},{"@type":"BreadcrumbList","@id":"https:\/\/www.mobelmol.com\/es\/familia\/cabinas-sanitarias-a-medida\/#breadcrumb","itemListElement":[{"@type":"ListItem","position":1,"name":"Portada","item":"https:\/\/www.mobelmol.com\/es\/"},{"@type":"ListItem","position":2,"name":"Cabinas sanitarias"}]}]}},"_links":{"self":[{"href":"https:\/\/www.mobelmol.com\/es\/wp-json\/wp\/v2\/product_cat\/374","targetHints":{"allow":["GET"]}}],"collection":[{"href":"https:\/\/www.mobelmol.com\/es\/wp-json\/wp\/v2\/product_cat"}],"about":[{"href":"https:\/\/www.mobelmol.com\/es\/wp-json\/wp\/v2\/taxonomies\/product_cat"}],"wp:post_type":[{"href":"https:\/\/www.mobelmol.com\/es\/wp-json\/wp\/v2\/product?product_cat=374"}],"curies":[{"name":"wp","href":"https:\/\/api.w.org\/{rel}","templated":true}]}}