{"id":382,"count":10,"description":"Mobelmol, como empresa l\u00edder en fabricaci\u00f3n e instalaci\u00f3n de soluciones para equipamiento y mobiliario que requieren higiene y durabilidad, calidad y robustez dispone de una extensa oferta en Puertas Compact para todo tipo de instalaciones.\r\n\r\nA continuaci\u00f3n, presentamos las opciones de Puertas Compact que fabrica e instala Mobelmol, las cuales pueden ser: Hoja Compact, Puerta Marco de Aluminio, Puerta Marco Inoxidable, Puerta Marco de Acero Prelacado, Puerta de Marco Revestido, Puertas Cortafuegos y Puertas Ac\u00fasticas, dise\u00f1adas en funci\u00f3n de las necesidades de sus clientes.\r\n<h2>Dise\u00f1o, fabricaci\u00f3n y montaje de Puertas Compact<\/h2>\r\nGracias a su funci\u00f3n dentro del equipamiento y mobiliario habitual, las Puertas Compact deben tener ciertas caracter\u00edsticas de robustez y calidad, ya que soportan desde ambientes exigentes a un uso continuado que puede provocar desgaste, tanto visible como funcional en esta. Por este motivo, al controlar desde Mobelmol todo el proceso de fabricaci\u00f3n e instalaci\u00f3n, se ofrecen distintas opciones que se adaptan a las necesidades del cliente y a cada ubicaci\u00f3n con \u00e9xito.\r\n<h2>Puertas fabricadas e instaladas con distintos acabados<\/h2>\r\n<h3>Hoja Compact<\/h3>\r\nEste tipo de puertas est\u00e1n construidas con base de s\u00e1ndwich con interior relleno de poliestireno o lana de roca y bastidor perimetral tambi\u00e9n de resinas fen\u00f3licas, dando una soluci\u00f3n que se adapta a m\u00faltiples entornos, ya que entre otras caracter\u00edsticas puede fabricarse en diversos espesores, con distintas bisagras seg\u00fan ubicaci\u00f3n, y adem\u00e1s se le puede a\u00f1adir cualquier maneta o cerradura. Gran variedad de colores lisos y fantas\u00eda, colores maderas, piedras, granitos. Y distintas texturas para los acabados.\r\n<h3>Puerta marco aluminio<\/h3>\r\nComo indica el nombre la principal caracter\u00edstica de esta puerta es su acabado con marco extensible de aluminio lacado o anodizado, elemento que a\u00f1ade estilo y calidad al conjunto. La hoja est\u00e1 fabricada a base de s\u00e1ndwich formado por placa de resinas fen\u00f3licas tipo Trespa, con accesorios inox, entre otras caracter\u00edsticas.\r\n<h3>Puerta marco inoxidable<\/h3>\r\nEn este tipo de Puerta Compact, encontramos un acabado con marco inox Aisi 304 y Aisi 316. La hoja consta de las mismas caracter\u00edsticas del tipo Hoja Compact.\r\n<h3>Puerta marco acero prelacado<\/h3>\r\nPara un acabado compacto, de alta resistencia y que adem\u00e1s se adapte al ambiente, esta puerta consta de marco de hierro prelacado, ideal para cualquier espesor de pared. La hoja est\u00e1 construida a base de s\u00e1ndwich formado por placa de resinas fen\u00f3licas tipo Trespa y accesorios inox. El marco tambi\u00e9n suministrarse lacado Ral ya acabado.\r\n<h3>Puerta marco revestido<\/h3>\r\nPara algunas ubicaciones, la mejor opci\u00f3n es contar con una puerta de calidad compact junto con el marco de taco revestido, en HPL. Este revestimiento aporta un acabado que se integra en el ambiente, resultando un acabado muy limpio y profesional. La hoja est\u00e1 fabricada a base de s\u00e1ndwich formado por placa de resinas fen\u00f3licas tipo Trespa, con accesorios inox, entre otras caracter\u00edsticas.\r\n<h3>Puertas cortafuegos<\/h3>\r\nPara algunas situaciones, precisamos de la seguridad que aportan las Puertas cortafuegos, con la opci\u00f3n de escoger marcos de madera o met\u00e1licos, y acabados de la hoja en Lacados, chapa de madera natural barnizada, o HPL. Caracter\u00edstica de estas robustas puertas es que se pueden complementar con cerradura antip\u00e1nico, cierrapuertas, vidrios cortafuegos, adaptando a cada plano. Ei-30, Ei-60 o Ei-90.\r\n<h3>Puertas ac\u00fasticas<\/h3>\r\nCuando precisamos de aislamiento ac\u00fastico, contamos con este tipo de Puertas Compact, dise\u00f1adas y fabricadas a tal efecto. Podemos elegir entre dise\u00f1os con marcos de madera o met\u00e1licos, y est\u00e1n homologadas seg\u00fan norma EN 1634-1.\r\n<h2>Encuentra el tipo de Puerta Compact que se adapta mejor a tu proyecto:<\/h2>","link":"https:\/\/www.mobelmol.com\/es\/familia\/puertas-fenolicas-a-medida-compact\/","name":"Puertas Compact","slug":"puertas-fenolicas-a-medida-compact","taxonomy":"product_cat","parent":0,"meta":[],"acf":[],"yoast_head":"<!-- This site is optimized with the Yoast SEO plugin v17.8 - https:\/\/yoast.com\/wordpress\/plugins\/seo\/ -->\n<title>Puertas Compact - Mobelmol<\/title>\n<meta name=\"description\" content=\"Expertos en dise\u00f1o, fabricaci\u00f3n y construcci\u00f3n de proyectos a medida. Categor\u00eda Mobelmol de Puertas Compact.\" \/>\n<meta name=\"robots\" content=\"index, follow, max-snippet:-1, max-image-preview:large, max-video-preview:-1\" \/>\n<link rel=\"canonical\" href=\"https:\/\/www.mobelmol.com\/es\/familia\/puertas-fenolicas-a-medida-compact\/\" \/>\n<meta property=\"og:locale\" content=\"es_ES\" \/>\n<meta property=\"og:type\" content=\"article\" \/>\n<meta property=\"og:title\" content=\"Puertas Compact - Mobelmol\" \/>\n<meta property=\"og:description\" content=\"Expertos en dise\u00f1o, fabricaci\u00f3n y construcci\u00f3n de proyectos a medida. Categor\u00eda Mobelmol de Puertas Compact.\" \/>\n<meta property=\"og:url\" content=\"https:\/\/www.mobelmol.com\/es\/familia\/puertas-fenolicas-a-medida-compact\/\" \/>\n<meta property=\"og:site_name\" content=\"Mobelmol\" \/>\n<meta name=\"twitter:card\" content=\"summary_large_image\" \/>\n<script type=\"application\/ld+json\" class=\"yoast-schema-graph\">{\"@context\":\"https:\/\/schema.org\",\"@graph\":[{\"@type\":\"Organization\",\"@id\":\"https:\/\/www.mobelmol.com\/es\/#organization\",\"name\":\"Mobelmol\",\"url\":\"https:\/\/www.mobelmol.com\/es\/\",\"sameAs\":[],\"logo\":{\"@type\":\"ImageObject\",\"@id\":\"https:\/\/www.mobelmol.com\/es\/#logo\",\"inLanguage\":\"es\",\"url\":\"https:\/\/www.mobelmol.com\/wp-content\/uploads\/2021\/05\/lgo-mobelmol.svg\",\"contentUrl\":\"https:\/\/www.mobelmol.com\/wp-content\/uploads\/2021\/05\/lgo-mobelmol.svg\",\"width\":100,\"height\":100,\"caption\":\"Mobelmol\"},\"image\":{\"@id\":\"https:\/\/www.mobelmol.com\/es\/#logo\"}},{\"@type\":\"WebSite\",\"@id\":\"https:\/\/www.mobelmol.com\/es\/#website\",\"url\":\"https:\/\/www.mobelmol.com\/es\/\",\"name\":\"Mobelmol\",\"description\":\"Fabricaci\\u00f3n e instalaci\\u00f3n de equipamiento y mobiliario con panel compacto\",\"publisher\":{\"@id\":\"https:\/\/www.mobelmol.com\/es\/#organization\"},\"potentialAction\":[{\"@type\":\"SearchAction\",\"target\":{\"@type\":\"EntryPoint\",\"urlTemplate\":\"https:\/\/www.mobelmol.com\/es\/?s={search_term_string}\"},\"query-input\":\"required name=search_term_string\"}],\"inLanguage\":\"es\"},{\"@type\":\"CollectionPage\",\"@id\":\"https:\/\/www.mobelmol.com\/es\/familia\/puertas-fenolicas-a-medida-compact\/#webpage\",\"url\":\"https:\/\/www.mobelmol.com\/es\/familia\/puertas-fenolicas-a-medida-compact\/\",\"name\":\"Puertas Compact - Mobelmol\",\"isPartOf\":{\"@id\":\"https:\/\/www.mobelmol.com\/es\/#website\"},\"description\":\"Expertos en dise\\u00f1o, fabricaci\\u00f3n y construcci\\u00f3n de proyectos a medida. Categor\\u00eda Mobelmol de Puertas Compact.\",\"breadcrumb\":{\"@id\":\"https:\/\/www.mobelmol.com\/es\/familia\/puertas-fenolicas-a-medida-compact\/#breadcrumb\"},\"inLanguage\":\"es\",\"potentialAction\":[{\"@type\":\"ReadAction\",\"target\":[\"https:\/\/www.mobelmol.com\/es\/familia\/puertas-fenolicas-a-medida-compact\/\"]}]},{\"@type\":\"BreadcrumbList\",\"@id\":\"https:\/\/www.mobelmol.com\/es\/familia\/puertas-fenolicas-a-medida-compact\/#breadcrumb\",\"itemListElement\":[{\"@type\":\"ListItem\",\"position\":1,\"name\":\"Portada\",\"item\":\"https:\/\/www.mobelmol.com\/es\/\"},{\"@type\":\"ListItem\",\"position\":2,\"name\":\"Puertas Compact\"}]}]}<\/script>\n<!-- \/ Yoast SEO plugin. -->","yoast_head_json":{"title":"Puertas Compact - Mobelmol","description":"Expertos en dise\u00f1o, fabricaci\u00f3n y construcci\u00f3n de proyectos a medida. Categor\u00eda Mobelmol de Puertas Compact.","robots":{"index":"index","follow":"follow","max-snippet":"max-snippet:-1","max-image-preview":"max-image-preview:large","max-video-preview":"max-video-preview:-1"},"canonical":"https:\/\/www.mobelmol.com\/es\/familia\/puertas-fenolicas-a-medida-compact\/","og_locale":"es_ES","og_type":"article","og_title":"Puertas Compact - Mobelmol","og_description":"Expertos en dise\u00f1o, fabricaci\u00f3n y construcci\u00f3n de proyectos a medida. Categor\u00eda Mobelmol de Puertas Compact.","og_url":"https:\/\/www.mobelmol.com\/es\/familia\/puertas-fenolicas-a-medida-compact\/","og_site_name":"Mobelmol","twitter_card":"summary_large_image","schema":{"@context":"https:\/\/schema.org","@graph":[{"@type":"Organization","@id":"https:\/\/www.mobelmol.com\/es\/#organization","name":"Mobelmol","url":"https:\/\/www.mobelmol.com\/es\/","sameAs":[],"logo":{"@type":"ImageObject","@id":"https:\/\/www.mobelmol.com\/es\/#logo","inLanguage":"es","url":"https:\/\/www.mobelmol.com\/wp-content\/uploads\/2021\/05\/lgo-mobelmol.svg","contentUrl":"https:\/\/www.mobelmol.com\/wp-content\/uploads\/2021\/05\/lgo-mobelmol.svg","width":100,"height":100,"caption":"Mobelmol"},"image":{"@id":"https:\/\/www.mobelmol.com\/es\/#logo"}},{"@type":"WebSite","@id":"https:\/\/www.mobelmol.com\/es\/#website","url":"https:\/\/www.mobelmol.com\/es\/","name":"Mobelmol","description":"Fabricaci\u00f3n e instalaci\u00f3n de equipamiento y mobiliario con panel compacto","publisher":{"@id":"https:\/\/www.mobelmol.com\/es\/#organization"},"potentialAction":[{"@type":"SearchAction","target":{"@type":"EntryPoint","urlTemplate":"https:\/\/www.mobelmol.com\/es\/?s={search_term_string}"},"query-input":"required name=search_term_string"}],"inLanguage":"es"},{"@type":"CollectionPage","@id":"https:\/\/www.mobelmol.com\/es\/familia\/puertas-fenolicas-a-medida-compact\/#webpage","url":"https:\/\/www.mobelmol.com\/es\/familia\/puertas-fenolicas-a-medida-compact\/","name":"Puertas Compact - Mobelmol","isPartOf":{"@id":"https:\/\/www.mobelmol.com\/es\/#website"},"description":"Expertos en dise\u00f1o, fabricaci\u00f3n y construcci\u00f3n de proyectos a medida. Categor\u00eda Mobelmol de Puertas Compact.","breadcrumb":{"@id":"https:\/\/www.mobelmol.com\/es\/familia\/puertas-fenolicas-a-medida-compact\/#breadcrumb"},"inLanguage":"es","potentialAction":[{"@type":"ReadAction","target":["https:\/\/www.mobelmol.com\/es\/familia\/puertas-fenolicas-a-medida-compact\/"]}]},{"@type":"BreadcrumbList","@id":"https:\/\/www.mobelmol.com\/es\/familia\/puertas-fenolicas-a-medida-compact\/#breadcrumb","itemListElement":[{"@type":"ListItem","position":1,"name":"Portada","item":"https:\/\/www.mobelmol.com\/es\/"},{"@type":"ListItem","position":2,"name":"Puertas Compact"}]}]}},"_links":{"self":[{"href":"https:\/\/www.mobelmol.com\/es\/wp-json\/wp\/v2\/product_cat\/382","targetHints":{"allow":["GET"]}}],"collection":[{"href":"https:\/\/www.mobelmol.com\/es\/wp-json\/wp\/v2\/product_cat"}],"about":[{"href":"https:\/\/www.mobelmol.com\/es\/wp-json\/wp\/v2\/taxonomies\/product_cat"}],"wp:post_type":[{"href":"https:\/\/www.mobelmol.com\/es\/wp-json\/wp\/v2\/product?product_cat=382"}],"curies":[{"name":"wp","href":"https:\/\/api.w.org\/{rel}","templated":true}]}}